{"id":129148,"date":"2019-10-23T13:46:33","date_gmt":"2019-10-23T16:46:33","guid":{"rendered":"http:\/\/www.caririemacao.com\/1\/?p=129148"},"modified":"2019-10-23T13:46:33","modified_gmt":"2019-10-23T16:46:33","slug":"ubs-12-comemora-dia-das-criancas-com-acoes-de-prevencao-em-saude-bucal-em-monteiro","status":"publish","type":"post","link":"https:\/\/www.caririemacao.com\/1\/2019\/10\/23\/ubs-12-comemora-dia-das-criancas-com-acoes-de-prevencao-em-saude-bucal-em-monteiro\/","title":{"rendered":"UBS 12 Comemora dia das crian\u00e7as com a\u00e7\u00f5es de preven\u00e7\u00e3o em sa\u00fade bucal, em Monteiro"},"content":{"rendered":"\n<p>Cerca de 60 crian\u00e7as que s\u00e3o atendidas na Unidade B\u00e1sica de Sa\u00fade \u2013 UBS 12, localizada na Rua do Buj\u00e3o, em Monteiro, participaram nesta ter\u00e7a-feira(22), de uma comemora\u00e7\u00e3o especial relativa ao Dia das Crian\u00e7as, com a\u00e7\u00f5es de preven\u00e7\u00e3o \u00e0 sa\u00fade bucal.<\/p>\n\n\n\n<p>O evento foi realizado durante todo o dia, para que as crian\u00e7as pudessem ter acesso aos servi\u00e7os de sa\u00fade em hor\u00e1rio de folga da escola e contou com o envolvimento de toda equipe daquela unidade de sa\u00fade. Al\u00e9m de brincadeiras, teatro de bonecos e m\u00fasica, as crian\u00e7as receberam brindes e kit de escova\u00e7\u00e3o.<\/p>\n\n\n\n<p>Sob a Coordena\u00e7\u00e3o de Dr. Davi Louren\u00e7o, cirurgi\u00e3o dentista da Unidade, foram realizadas palestras educativas para as crian\u00e7as e as m\u00e3es, sobre a escolha certa do tamanho e da cerda da escova, preven\u00e7\u00e3o de c\u00e1ries, como evitar a forma\u00e7\u00e3o de t\u00e1rtaros e placas bacterianas, al\u00e9m de ensinar como escovar os dentes e usar o fio dental corretamente e o uso de antiss\u00e9pticos.<\/p>\n\n\n\n<p>Para as crian\u00e7as, foram sugeridas algumas dicas para manter os dentes sempre saud\u00e1veis.<\/p>\n\n\n\n<p>\u2013 Escovar pelo menos tr\u00eas vezes ao dia com um creme dental que cont\u00e9m fl\u00faor para remover a placa bacteriana (aquela pel\u00edcula pegajosa que se forma sobre os dentes e que \u00e9 a principal causa das c\u00e1ries).<\/p>\n\n\n\n<p>\u2013 Usar fio dental diariamente para remover a placa que se aloja entre os dentes e abaixo da gengiva, evitando que ela endure\u00e7a e se transforme em c\u00e1lculo dental. Depois que o c\u00e1lculo se forma, s\u00f3 o dentista pode remov\u00ea-lo.<\/p>\n\n\n\n<p>\u2013 Adotar uma alimenta\u00e7\u00e3o equilibrada, com pouco a\u00e7\u00facar e amido. Estes alimentos produzem os \u00e1cidos da placa que causam c\u00e1ries.<\/p>\n\n\n\n<p>\u2013 Usar produtos que cont\u00eam fl\u00faor (inclusive o creme dental). Certifique-se de que a \u00e1gua que suas crian\u00e7as bebem cont\u00e9m fl\u00faor. \u2013 Se a \u00e1gua n\u00e3o contiver fl\u00faor, seu dentista ou pediatra poder\u00e1 prescrever suplementos di\u00e1rios de fl\u00faor.<\/p>\n\n\n\n<p>\u2013 Ir ao dentista para exames regulares.<\/p>\n\n\n\n<p>As m\u00e3es que acompanharam os pequenos, tamb\u00e9m receberam recomenda\u00e7\u00f5es abaixo:<\/p>\n\n\n\n<p>\u2013 Observe seu filho escovar os dentes. Auxilie-o at\u00e9 que ele se habitue ao seguinte:<\/p>\n\n\n\n<p>\u2013 Use uma pequena quantidade de creme dental com fl\u00faor. N\u00e3o deixe a crian\u00e7a engolir o creme dental.<\/p>\n\n\n\n<p>\u2013 Use uma escova de cerdas macias e escove primeiro a superf\u00edcie interna de cada dente, onde o ac\u00famulo de placa \u00e9 geralmente maior. Escove suavemente.<\/p>\n\n\n\n<p>\u2013 Escove a superf\u00edcie externa de cada dente. Posicione a escova em um \u00e2ngulo de 45 graus ao longo da gengiva.<\/p>\n\n\n\n<p>\u2013 Escove com movimentos para frente e para tr\u00e1s.<\/p>\n\n\n\n<p>\u2013 Escove a superf\u00edcie de cada dente usada para mastigar. Escove suavemente.<\/p>\n\n\n\n<p>\u2013 Use a ponta da escova para limpar atr\u00e1s de cada dente frontal, na arcada superior e inferior.<\/p>\n","protected":false},"excerpt":{"rendered":"<p>Cerca de 60 crian\u00e7as que s\u00e3o atendidas na Unidade B\u00e1sica de Sa\u00fade \u2013 UBS 12, localizada na Rua do Buj\u00e3o, em Monteiro, participaram nesta ter\u00e7a-feira(22),&hellip; <\/p>\n","protected":false},"author":1,"featured_media":129149,"comment_status":"closed","ping_status":"closed","sticky":false,"template":"","format":"standard","meta":{"sfsi_plus_gutenberg_text_before_share":"","sfsi_plus_gutenberg_show_text_before_share":"","sfsi_plus_gutenberg_icon_type":"","sfsi_plus_gutenberg_icon_alignemt":"","sfsi_plus_gutenburg_max_per_row":"","footnotes":""},"categories":[6],"tags":[],"class_list":["post-129148","post","type-post","status-publish","format-standard","has-post-thumbnail","hentry","category-cidades"],"_links":{"self":[{"href":"https:\/\/www.caririemacao.com\/1\/wp-json\/wp\/v2\/posts\/129148","targetHints":{"allow":["GET"]}}],"collection":[{"href":"https:\/\/www.caririemacao.com\/1\/wp-json\/wp\/v2\/posts"}],"about":[{"href":"https:\/\/www.caririemacao.com\/1\/wp-json\/wp\/v2\/types\/post"}],"author":[{"embeddable":true,"href":"https:\/\/www.caririemacao.com\/1\/wp-json\/wp\/v2\/users\/1"}],"replies":[{"embeddable":true,"href":"https:\/\/www.caririemacao.com\/1\/wp-json\/wp\/v2\/comments?post=129148"}],"version-history":[{"count":1,"href":"https:\/\/www.caririemacao.com\/1\/wp-json\/wp\/v2\/posts\/129148\/revisions"}],"predecessor-version":[{"id":129150,"href":"https:\/\/www.caririemacao.com\/1\/wp-json\/wp\/v2\/posts\/129148\/revisions\/129150"}],"wp:featuredmedia":[{"embeddable":true,"href":"https:\/\/www.caririemacao.com\/1\/wp-json\/wp\/v2\/media\/129149"}],"wp:attachment":[{"href":"https:\/\/www.caririemacao.com\/1\/wp-json\/wp\/v2\/media?parent=129148"}],"wp:term":[{"taxonomy":"category","embeddable":true,"href":"https:\/\/www.caririemacao.com\/1\/wp-json\/wp\/v2\/categories?post=129148"},{"taxonomy":"post_tag","embeddable":true,"href":"https:\/\/www.caririemacao.com\/1\/wp-json\/wp\/v2\/tags?post=129148"}],"curies":[{"name":"wp","href":"https:\/\/api.w.org\/{rel}","templated":true}]}}