{"id":129156,"date":"2019-10-23T13:50:43","date_gmt":"2019-10-23T16:50:43","guid":{"rendered":"http:\/\/www.caririemacao.com\/1\/?p=129156"},"modified":"2019-10-23T13:50:43","modified_gmt":"2019-10-23T16:50:43","slug":"homicidios-caem-221-de-janeiro-a-setembro-e-paraiba-continua-em-destaque-no-pais","status":"publish","type":"post","link":"https:\/\/www.caririemacao.com\/1\/2019\/10\/23\/homicidios-caem-221-de-janeiro-a-setembro-e-paraiba-continua-em-destaque-no-pais\/","title":{"rendered":"Homic\u00eddios caem 22,1% de janeiro a setembro e Para\u00edba continua em destaque no pa\u00eds"},"content":{"rendered":"\n<p>Nove meses de redu\u00e7\u00e3o de homic\u00eddios, acumulando uma queda de 22,1% das ocorr\u00eancias em rela\u00e7\u00e3o ao mesmo per\u00edodo do ano passado. Essa \u00e9 a realidade da Para\u00edba, \u00fanico Estado do Brasil a contabilizar tamb\u00e9m sete anos de redu\u00e7\u00e3o consecutiva de crimes contra a vida, como resultado de a\u00e7\u00f5es do Governo do Estado, por meio da Secretaria da Seguran\u00e7a e da Defesa Social (Sesds) e de seus \u00f3rg\u00e3os operativos. De janeiro a setembro deste ano, foram 707 casos de Crimes Violentos Letais Intencionais (CVLI), enquanto que nos tr\u00eas trimestres de 2018 foram registradas 908 ocorr\u00eancias de assassinatos. Com esse resultado, a taxa de homic\u00eddios por 100 mil habitantes no Estado caiu 43% desde 2010, saindo de 41,5 para 23,3. Os n\u00fameros foram apresentados ao governador Jo\u00e3o Azev\u00eado, nesta ter\u00e7a-feira (22), durante reuni\u00e3o de monitoramento, realizada no Pal\u00e1cio da Reden\u00e7\u00e3o, em Jo\u00e3o Pessoa.<\/p>\n\n\n\n<p>Na ocasi\u00e3o, o chefe do Executivo estadual parabenizou todos os integrantes das For\u00e7as de Seguran\u00e7a pelo reconhecimento nacional da efici\u00eancia do programa Para\u00edba Unida pela Paz, que ficou entre os primeiros lugares no Pr\u00eamio de Excel\u00eancia em Competitividade 2019, que analisa as boas pr\u00e1ticas da gest\u00e3o p\u00fablica. \u201cEsse trof\u00e9u, presente na nossa reuni\u00e3o de hoje, \u00e9 o resultado do esfor\u00e7o e dedica\u00e7\u00e3o de cada um, que se reflete nos n\u00fameros obtidos pela seguran\u00e7a e essa premia\u00e7\u00e3o \u00e9 dividida com cada profissional que integra o nosso sistema. Eu j\u00e1 conversei com o secret\u00e1rio Jean Nunes para que esse trof\u00e9u fique por um per\u00edodo em cada institui\u00e7\u00e3o para que todos saibam que ele faz parte do compromisso de homens e mulheres que merecem esse reconhecimento\u201d, frisou.<\/p>\n\n\n\n<p>O secret\u00e1rio da Seguran\u00e7a e da Defesa Social, Jean Francisco Nunes, ressaltou que a \u00e1rea vive uma fase importante com a conquista de pr\u00eamios e a redu\u00e7\u00e3o cont\u00ednua de crimes. \u201cNessa reuni\u00e3o, tivemos a oportunidade de explanar os \u00edndices de janeiro a setembro, com uma redu\u00e7\u00e3o de 22% no n\u00famero de homic\u00eddios, e v\u00e1rios indicadores positivos, como a redu\u00e7\u00e3o de 57% na apreens\u00e3o de armas de fogo. Al\u00e9m disso, a premia\u00e7\u00e3o que vem de um \u00f3rg\u00e3o externo ao Estado coroa todo um trabalho que vem sendo fortalecido esse ano de uma maneira muito forte. N\u00f3s somos o \u00fanico Estado a ter uma premia\u00e7\u00e3o como a conquistada na semana passada e isso nos enche de orgulho e energia\u201d, enfatizou.<\/p>\n\n\n\n<p>O comandante-geral da Pol\u00edcia Militar, coronel Euller Chaves, afirmou que os n\u00fameros positivos refletem a motiva\u00e7\u00e3o e o reconhecimento do trabalho desenvolvido pelas tropas que integram as for\u00e7as de Seguran\u00e7a. \u201cEsse \u00e9 um processo acompanhado e monitorado pelo governador Jo\u00e3o Azev\u00eado e vai al\u00e9m da seguran\u00e7a que funciona no nosso Estado, mas tamb\u00e9m \u00e9 fruto da infraestrutura, da solidez fiscal e do emprego que chega, ou seja, \u00e9 um conjunto de fatores que nos faz ter resultados favor\u00e1veis para os paraibanos. Al\u00e9m disso, recebemos mais um reconhecimento nacional do Centro de Lideran\u00e7a P\u00fablica que nos coloca em 4\u00ba lugar em n\u00edvel nacional no pilar da seguran\u00e7a\u201d, pontuou.<\/p>\n\n\n\n<p><strong>Dados \u2013<\/strong>&nbsp;Segundo o n\u00facleo de An\u00e1lise Criminal e Estat\u00edstica (Nace) da Sesds, os homic\u00eddios de mulheres tamb\u00e9m acompanham a redu\u00e7\u00e3o geral. Em nove meses, houve queda de 18% nos assassinatos com v\u00edtimas do sexo feminino, totalizando 53 casos. Em rela\u00e7\u00e3o aos feminic\u00eddios, a diminui\u00e7\u00e3o \u00e9 de 7%, com 27 ocorr\u00eancias de janeiro a setembro.<\/p>\n\n\n\n<p><strong>Redu\u00e7\u00e3o de assaltos a banco \u2013<\/strong>&nbsp;Do in\u00edcio do ano at\u00e9 setembro, tamb\u00e9m foi registrada uma redu\u00e7\u00e3o de 57% nas ocorr\u00eancias de crimes contra institui\u00e7\u00f5es banc\u00e1rias, sendo contabilizados 26 casos no per\u00edodo, sendo oito arrombamentos, tr\u00eas roubos e 15 explos\u00f5es, enquanto nos tr\u00eas trimestres de 2018 aconteceram 61 ocorr\u00eancias. Nas explos\u00f5es, a queda nos registros foi ainda maior, de 69%.<\/p>\n\n\n\n<p>Ainda de acordo com o Nace, as ocorr\u00eancias deste ano se concentraram em 18 munic\u00edpios paraibanos, sendo cinco em Jo\u00e3o Pessoa, duas nas cidades de S\u00e3o Bento, S\u00e3o Jo\u00e3o do Rio do Peixe, Campina Grande e Lagoa Seca. Nas demais cidades, houve um caso.<\/p>\n\n\n\n<p><strong>Menos assaltos em Jo\u00e3o Pessoa e Campina Grande \u2013<\/strong>&nbsp;As duas maiores cidades da Para\u00edba tiveram menos casos de crimes contra o patrim\u00f4nio neste ano, por conta do trabalho de preven\u00e7\u00e3o, incluindo presen\u00e7a das pol\u00edcias nos bairros e ainda opera\u00e7\u00f5es realizadas pelas for\u00e7as de seguran\u00e7a. Na Capital, a redu\u00e7\u00e3o foi de 36%, sendo tamb\u00e9m 36% de roubos a pessoa, 5% de roubos a estabelecimentos, 2% de roubos em resid\u00eancias e 33% de assaltos em transportes coletivos.<\/p>\n\n\n\n<p>Em Campina Grande a queda geral de ocorr\u00eancias registradas foi de 46%, com menos 15% de roubos a pessoa, menos 37% de roubos em estabelecimentos comerciais, menos 37% de assaltos em resid\u00eancias e redu\u00e7\u00e3o de 51% nos crimes contra o patrim\u00f4nio em transportes coletivos.<\/p>\n\n\n\n<p><strong>Ve\u00edculos recuperados \u2013<\/strong>&nbsp;Por conta das a\u00e7\u00f5es policiais, 60% dos ve\u00edculos subtra\u00eddos na Para\u00edba foram devolvidos aos seus propriet\u00e1rios em 2019. Ao todo, de janeiro a setembro, foram recuperados 2.007 carros, motos e outros tipos de ve\u00edculos no Estado.<\/p>\n\n\n\n<p>Depois da instala\u00e7\u00e3o do Batalh\u00e3o Especializado de Policiamento com Motos (BepMotos), em Jo\u00e3o Pessoa, a quantidade de ocorr\u00eancias de roubos e furtos de carros e motos diminuiu 21% e 34%, respectivamente. Os roubos a pessoa tamb\u00e9m foram reduzidos em 17%.<\/p>\n\n\n\n<p>O Batalh\u00e3o, inaugurado em agosto, representa um investimento superior a R$ 3 milh\u00f5es por parte do Governo do Estado e tem como objetivo garantir mais agilidade nas a\u00e7\u00f5es de enfrentamento ao crime. Instalado em uma \u00e1rea estrat\u00e9gica da capital paraibana, na Avenida Epit\u00e1cio Pessoa, conta com um refor\u00e7o inicial de 100 policiais que atuam no motopatrulhamento t\u00e1tico e comunit\u00e1rio.<\/p>\n\n\n\n<p><strong>Opera\u00e7\u00f5es e pris\u00f5es de interesse estrat\u00e9gico \u2013<\/strong>&nbsp;Ainda de acordo com relat\u00f3rio do Nace, os \u00f3rg\u00e3os de seguran\u00e7a do Estado realizaram um total de 14,7 mil pris\u00f5es de diversos crimes, sendo 2.158 de interesse estrat\u00e9gico. Os casos abrangem pessoas apontadas pela autoria de homic\u00eddios (352), assaltos (877), roubos a institui\u00e7\u00f5es banc\u00e1rias (30), roubos de ve\u00edculos (264) e com mandados de pris\u00e3o em aberto (635).<\/p>\n\n\n\n<p>Os n\u00fameros est\u00e3o diretamente ligados \u00e0s opera\u00e7\u00f5es de interesse estrat\u00e9gico, realizadas nos munic\u00edpios paraibanos de janeiro a setembro e que somam 3.676 trabalhos com esse objetivo, a exemplo das opera\u00e7\u00f5es Carnaval, N\u00f4made, Cidade Segura, S\u00e3o Jo\u00e3o, Tiradentes, P\u00f4r do sol, Crep\u00fasculo e Alvorada, Satura\u00e7\u00e3o, Dia das M\u00e3es e Impacto, de car\u00e1ter preventivo; al\u00e9m de opera\u00e7\u00f5es de repress\u00e3o qualificada como Luz Na Inf\u00e2ncia IV, Opera\u00e7\u00e3o Maya, Han\u00f3i, Dictum, Passagem, Vanitas, O outro lado da moeda, Malote Blindado, L\u00e1baro Hircus V, entre outras.<\/p>\n\n\n\n<p><strong>Apreens\u00f5es de armas e drogas \u2013<\/strong>&nbsp;A\u00e7\u00f5es de preven\u00e7\u00e3o e repress\u00e3o qualificadas das Pol\u00edcias Militar e Civil retiraram de circula\u00e7\u00e3o 2.877 armas de fogo em nove meses, o que representa um aumento de 56%, entre os quais rev\u00f3lveres (36%), pistolas (8%), espingardas (54%) e outros armamentos apreendidos (2%). Em 2018, no mesmo per\u00edodo, foram recolhidos ilegalmente 1.842 materiais desse tipo. No que se refere ao enfrentamento ao tr\u00e1fico de drogas, foi apreendida aproximadamente uma tonelada de entorpecentes, entre maconha (809,7 kg), crack (54,7 kg), coca\u00edna (67,7 kg) e outras subst\u00e2ncias.<\/p>\n\n\n\n<p><strong>Resgates e socorros \u2013<\/strong>&nbsp;No per\u00edodo de janeiro a setembro de 2019, tamb\u00e9m se destacou o trabalho do Corpo de Bombeiros Militar da Para\u00edba, no resgate de acidentados no tr\u00e2nsito e socorro de v\u00edtimas de viol\u00eancia. Ao todo, 2.746 pessoas acidentadas receberam atendimento de bombeiros militares no Estado, sendo a maior quantidade de a\u00e7\u00f5es realizadas na cidade de Jo\u00e3o Pessoa (1.419). Em rela\u00e7\u00e3o ao socorro de v\u00edtimas de crimes potencialmente letais intencionais, foram contabilizados 90 atendimentos.<\/p>\n","protected":false},"excerpt":{"rendered":"<p>Nove meses de redu\u00e7\u00e3o de homic\u00eddios, acumulando uma queda de 22,1% das ocorr\u00eancias em rela\u00e7\u00e3o ao mesmo per\u00edodo do ano passado. Essa \u00e9 a realidade&hellip; <\/p>\n","protected":false},"author":1,"featured_media":129157,"comment_status":"closed","ping_status":"closed","sticky":false,"template":"","format":"standard","meta":{"sfsi_plus_gutenberg_text_before_share":"","sfsi_plus_gutenberg_show_text_before_share":"","sfsi_plus_gutenberg_icon_type":"","sfsi_plus_gutenberg_icon_alignemt":"","sfsi_plus_gutenburg_max_per_row":"","footnotes":""},"categories":[11],"tags":[],"class_list":["post-129156","post","type-post","status-publish","format-standard","has-post-thumbnail","hentry","category-politica"],"_links":{"self":[{"href":"https:\/\/www.caririemacao.com\/1\/wp-json\/wp\/v2\/posts\/129156","targetHints":{"allow":["GET"]}}],"collection":[{"href":"https:\/\/www.caririemacao.com\/1\/wp-json\/wp\/v2\/posts"}],"about":[{"href":"https:\/\/www.caririemacao.com\/1\/wp-json\/wp\/v2\/types\/post"}],"author":[{"embeddable":true,"href":"https:\/\/www.caririemacao.com\/1\/wp-json\/wp\/v2\/users\/1"}],"replies":[{"embeddable":true,"href":"https:\/\/www.caririemacao.com\/1\/wp-json\/wp\/v2\/comments?post=129156"}],"version-history":[{"count":1,"href":"https:\/\/www.caririemacao.com\/1\/wp-json\/wp\/v2\/posts\/129156\/revisions"}],"predecessor-version":[{"id":129158,"href":"https:\/\/www.caririemacao.com\/1\/wp-json\/wp\/v2\/posts\/129156\/revisions\/129158"}],"wp:featuredmedia":[{"embeddable":true,"href":"https:\/\/www.caririemacao.com\/1\/wp-json\/wp\/v2\/media\/129157"}],"wp:attachment":[{"href":"https:\/\/www.caririemacao.com\/1\/wp-json\/wp\/v2\/media?parent=129156"}],"wp:term":[{"taxonomy":"category","embeddable":true,"href":"https:\/\/www.caririemacao.com\/1\/wp-json\/wp\/v2\/categories?post=129156"},{"taxonomy":"post_tag","embeddable":true,"href":"https:\/\/www.caririemacao.com\/1\/wp-json\/wp\/v2\/tags?post=129156"}],"curies":[{"name":"wp","href":"https:\/\/api.w.org\/{rel}","templated":true}]}}