{"id":129160,"date":"2019-10-23T13:54:28","date_gmt":"2019-10-23T16:54:28","guid":{"rendered":"http:\/\/www.caririemacao.com\/1\/?p=129160"},"modified":"2019-10-23T13:54:28","modified_gmt":"2019-10-23T16:54:28","slug":"mec-anuncia-liberacao-de-mais-r-302-mi-para-universidades-e-instituto-federais-na-pb","status":"publish","type":"post","link":"https:\/\/www.caririemacao.com\/1\/2019\/10\/23\/mec-anuncia-liberacao-de-mais-r-302-mi-para-universidades-e-instituto-federais-na-pb\/","title":{"rendered":"MEC anuncia libera\u00e7\u00e3o de mais R$ 30,2 mi para universidades e instituto federais na PB"},"content":{"rendered":"\n<p>O Minist\u00e9rio da Educa\u00e7\u00e3o (MEC) anunciou a libera\u00e7\u00e3o de R$ 30,2 milh\u00f5es para a UFPB, UFCG e IFPB referentes aos valores que tinham sido contingenciados em abril de 2019. De acordo com o MEC, foram liberados na sexta-feira (18) um total de R$ 30.293.852 para as tr\u00eas institui\u00e7\u00f5es mantidas pelo governo federal na Para\u00edba. O MEC havia liberado no dia 30 de setembro R$ 43,8 milh\u00f5es para as tr\u00eas institui\u00e7\u00f5es.<\/p>\n\n\n\n<p>Os dois desbloqueios feitos pelo MEC para as tr\u00eas institui\u00e7\u00f5es federais na Para\u00edba somam R$ 74.144.960. Ainda de acordo com o minist\u00e9rio, as duas libera\u00e7\u00f5es totalizam 100% do or\u00e7amento que tinha sido contingenciado em abril deste ano, embora, o valor somado a partir dos cortes informados por UFPB, UFCG e IFPB fosse de R$ 91 milh\u00f5es.<\/p>\n\n\n\n<p>A diferen\u00e7a de R$ 16,8 milh\u00f5es a menos do que foi informado pelas institui\u00e7\u00f5es n\u00e3o foi explicada pelo MEC. Confira abaixo a divis\u00e3o do valor liberado pelo MEC na sexta-feira (18) para as institui\u00e7\u00f5es federais no estado:<\/p>\n\n\n\n<p>\u2013 Universidade Federal da Para\u00edba (UFPB): R$ 7.302.348<br>\u2013 Universidade Federal de Campina Grande (UFCG): R$ 6.421.221<br>\u2013 Instituto Federal da Para\u00edba (IFPB): R$ 16.570.283<\/p>\n\n\n\n<p>Em nota, o minist\u00e9rio informou que \u201co or\u00e7amento de custeio das universidades e institutos foi 100% descontingenciado, o que torna poss\u00edvel \u00e0 institui\u00e7\u00e3o a utiliza\u00e7\u00e3o de todo o or\u00e7amento de custeio\u201d. Segundo o ministro, foi liberado R$ 1,1 bilh\u00e3o de reais \u2013 R$ 771 milh\u00f5es para universidades e R$ 336 milh\u00f5es para institutos federais \u2013, ap\u00f3s um remanejamento interno no or\u00e7amento da pasta. O MEC n\u00e3o informou quais \u00e1reas perderam recursos nesta troca.<\/p>\n","protected":false},"excerpt":{"rendered":"<p>O Minist\u00e9rio da Educa\u00e7\u00e3o (MEC) anunciou a libera\u00e7\u00e3o de R$ 30,2 milh\u00f5es para a UFPB, UFCG e IFPB referentes aos valores que tinham sido contingenciados&hellip; <\/p>\n","protected":false},"author":1,"featured_media":108166,"comment_status":"closed","ping_status":"closed","sticky":false,"template":"","format":"standard","meta":{"sfsi_plus_gutenberg_text_before_share":"","sfsi_plus_gutenberg_show_text_before_share":"","sfsi_plus_gutenberg_icon_type":"","sfsi_plus_gutenberg_icon_alignemt":"","sfsi_plus_gutenburg_max_per_row":"","footnotes":""},"categories":[14],"tags":[],"class_list":["post-129160","post","type-post","status-publish","format-standard","has-post-thumbnail","hentry","category-educacao"],"_links":{"self":[{"href":"https:\/\/www.caririemacao.com\/1\/wp-json\/wp\/v2\/posts\/129160","targetHints":{"allow":["GET"]}}],"collection":[{"href":"https:\/\/www.caririemacao.com\/1\/wp-json\/wp\/v2\/posts"}],"about":[{"href":"https:\/\/www.caririemacao.com\/1\/wp-json\/wp\/v2\/types\/post"}],"author":[{"embeddable":true,"href":"https:\/\/www.caririemacao.com\/1\/wp-json\/wp\/v2\/users\/1"}],"replies":[{"embeddable":true,"href":"https:\/\/www.caririemacao.com\/1\/wp-json\/wp\/v2\/comments?post=129160"}],"version-history":[{"count":1,"href":"https:\/\/www.caririemacao.com\/1\/wp-json\/wp\/v2\/posts\/129160\/revisions"}],"predecessor-version":[{"id":129161,"href":"https:\/\/www.caririemacao.com\/1\/wp-json\/wp\/v2\/posts\/129160\/revisions\/129161"}],"wp:featuredmedia":[{"embeddable":true,"href":"https:\/\/www.caririemacao.com\/1\/wp-json\/wp\/v2\/media\/108166"}],"wp:attachment":[{"href":"https:\/\/www.caririemacao.com\/1\/wp-json\/wp\/v2\/media?parent=129160"}],"wp:term":[{"taxonomy":"category","embeddable":true,"href":"https:\/\/www.caririemacao.com\/1\/wp-json\/wp\/v2\/categories?post=129160"},{"taxonomy":"post_tag","embeddable":true,"href":"https:\/\/www.caririemacao.com\/1\/wp-json\/wp\/v2\/tags?post=129160"}],"curies":[{"name":"wp","href":"https:\/\/api.w.org\/{rel}","templated":true}]}}