{"id":129163,"date":"2019-10-23T13:55:13","date_gmt":"2019-10-23T16:55:13","guid":{"rendered":"http:\/\/www.caririemacao.com\/1\/?p=129163"},"modified":"2019-10-23T13:55:13","modified_gmt":"2019-10-23T16:55:13","slug":"agenda-cultural-dimeliora-se-apresenta-hoje-em-monteiro","status":"publish","type":"post","link":"https:\/\/www.caririemacao.com\/1\/2019\/10\/23\/agenda-cultural-dimeliora-se-apresenta-hoje-em-monteiro\/","title":{"rendered":"Agenda Cultural: Dimeliora se apresenta hoje em Monteiro"},"content":{"rendered":"\n<p>Hoje a partir das 20h, no Instituto Federal de Educa\u00e7\u00e3o, Ci\u00eancia e Tecnologia (IFPB), em Monteiro, acontece o show da Dimeliora, com Bhira Mariano. O evento faz parte da TEAR, que \u00e9 promovido pelo IFPB de Monteiro.<\/p>\n\n\n\n<p>O&nbsp;<strong>Not\u00edcias em Destaque<\/strong>&nbsp;entrou em contato com Bhira Mariano que afirmou que o repert\u00f3rio ser\u00e1 ecl\u00e9tico, tocando Rock, Reggae, Pop, Ritmos Latinos, M\u00fasica rom\u00e2ntica, M\u00fasica Regional e Nordestina, al\u00e9m de M\u00fasicas Autorais.<\/p>\n\n\n\n<p>Lembrando que o show \u00e9 aberto a todo o p\u00fablico. Participe!<\/p>\n\n\n\n<p><strong>Not\u00edcias em Destaque<\/strong><\/p>\n","protected":false},"excerpt":{"rendered":"<p>Hoje a partir das 20h, no Instituto Federal de Educa\u00e7\u00e3o, Ci\u00eancia e Tecnologia (IFPB), em Monteiro, acontece o show da Dimeliora, com Bhira Mariano. O&hellip; <\/p>\n","protected":false},"author":1,"featured_media":129164,"comment_status":"closed","ping_status":"closed","sticky":false,"template":"","format":"standard","meta":{"sfsi_plus_gutenberg_text_before_share":"","sfsi_plus_gutenberg_show_text_before_share":"","sfsi_plus_gutenberg_icon_type":"","sfsi_plus_gutenberg_icon_alignemt":"","sfsi_plus_gutenburg_max_per_row":"","footnotes":""},"categories":[2],"tags":[],"class_list":["post-129163","post","type-post","status-publish","format-standard","has-post-thumbnail","hentry","category-geral"],"_links":{"self":[{"href":"https:\/\/www.caririemacao.com\/1\/wp-json\/wp\/v2\/posts\/129163","targetHints":{"allow":["GET"]}}],"collection":[{"href":"https:\/\/www.caririemacao.com\/1\/wp-json\/wp\/v2\/posts"}],"about":[{"href":"https:\/\/www.caririemacao.com\/1\/wp-json\/wp\/v2\/types\/post"}],"author":[{"embeddable":true,"href":"https:\/\/www.caririemacao.com\/1\/wp-json\/wp\/v2\/users\/1"}],"replies":[{"embeddable":true,"href":"https:\/\/www.caririemacao.com\/1\/wp-json\/wp\/v2\/comments?post=129163"}],"version-history":[{"count":1,"href":"https:\/\/www.caririemacao.com\/1\/wp-json\/wp\/v2\/posts\/129163\/revisions"}],"predecessor-version":[{"id":129165,"href":"https:\/\/www.caririemacao.com\/1\/wp-json\/wp\/v2\/posts\/129163\/revisions\/129165"}],"wp:featuredmedia":[{"embeddable":true,"href":"https:\/\/www.caririemacao.com\/1\/wp-json\/wp\/v2\/media\/129164"}],"wp:attachment":[{"href":"https:\/\/www.caririemacao.com\/1\/wp-json\/wp\/v2\/media?parent=129163"}],"wp:term":[{"taxonomy":"category","embeddable":true,"href":"https:\/\/www.caririemacao.com\/1\/wp-json\/wp\/v2\/categories?post=129163"},{"taxonomy":"post_tag","embeddable":true,"href":"https:\/\/www.caririemacao.com\/1\/wp-json\/wp\/v2\/tags?post=129163"}],"curies":[{"name":"wp","href":"https:\/\/api.w.org\/{rel}","templated":true}]}}