{"id":129167,"date":"2019-10-23T13:56:08","date_gmt":"2019-10-23T16:56:08","guid":{"rendered":"http:\/\/www.caririemacao.com\/1\/?p=129167"},"modified":"2019-10-23T13:56:08","modified_gmt":"2019-10-23T16:56:08","slug":"reuniao-discute-instalacao-de-escritorio-local-de-operacoes-do-programa-agronordeste-no-campus-sume-da-ufcg","status":"publish","type":"post","link":"https:\/\/www.caririemacao.com\/1\/2019\/10\/23\/reuniao-discute-instalacao-de-escritorio-local-de-operacoes-do-programa-agronordeste-no-campus-sume-da-ufcg\/","title":{"rendered":"Reuni\u00e3o discute instala\u00e7\u00e3o de Escrit\u00f3rio Local de Opera\u00e7\u00f5es do programa AgroNordeste no Campus Sum\u00e9 da UFCG"},"content":{"rendered":"\n<p>Foi realizada na manh\u00e3 dessa ter\u00e7a-feira (22), no audit\u00f3rio do Centro de Desenvolvimento Sustent\u00e1vel do Semi\u00e1rido uma reuni\u00e3o para consolidar a caprino-ovinocultura das regi\u00f5es do Cariri paraibano e do Moxot\u00f3-PE, com foco no desenvolvimento da produ\u00e7\u00e3o de leite de cabra, bem como, carne e pele de caprino e ovinos.<\/p>\n\n\n\n<p>Foi discutida a instala\u00e7\u00e3o do Escrit\u00f3rio Local de Opera\u00e7\u00f5es (ELO) no Campus Sum\u00e9, que reunir\u00e1 representantes do Minist\u00e9rio da Agricultura e das entidades parceiras na execu\u00e7\u00e3o do programa governamental AgroNordeste.<\/p>\n\n\n\n<div class=\"wp-block-image\"><figure class=\"alignright\"><a href=\"http:\/\/noticiasemdestaque.com\/cd\/wp-content\/uploads\/2019\/10\/Reiniao-EscritorioLocal-CaprinoOvino-2.jpg\"><img decoding=\"async\" data-src=\"http:\/\/noticiasemdestaque.com\/cd\/wp-content\/uploads\/2019\/10\/Reiniao-EscritorioLocal-CaprinoOvino-2.jpg\" alt=\"\" class=\"wp-image-20394 lazyload\" src=\"data:image\/svg+xml;base64,PHN2ZyB3aWR0aD0iMSIgaGVpZ2h0PSIxIiB4bWxucz0iaHR0cDovL3d3dy53My5vcmcvMjAwMC9zdmciPjwvc3ZnPg==\" \/><\/a><\/figure><\/div>\n\n\n\n<p><\/p>\n\n\n\n<p>Participaram da reuni\u00e3o o diretor do Centro, professor Hugo Morais de Alc\u00e2ntara e professores do CDSA\/UFCG, representantes do Minist\u00e9rio da Agricultura, Pecu\u00e1ria e Abastecimento (MAPA), da Embrapa, Sebrae, Senar, Organiza\u00e7\u00e3o das Cooperativas Brasileiras (OCB), Conab, Defesa Agropecu\u00e1ria do Estado da Para\u00edba e, associa\u00e7\u00f5es e cooperativas de produtores agropecu\u00e1rios.<\/p>\n\n\n\n<p>O programa AgroNordeste foi elaborado a partir do estudo das cadeias produtivas que t\u00eam relev\u00e2ncia socioecon\u00f4mica e potencial de crescimento na regi\u00e3o, identificando os entraves para o seu desenvolvimento e as solu\u00e7\u00f5es poss\u00edveis. Os territ\u00f3rios foram definidos com base nessas cadeias produtivas e no n\u00edvel de vulnerabilidade da \u00e1rea. At\u00e9 2021, o programa dever\u00e1 chegar a 30 territ\u00f3rios.<\/p>\n\n\n\n<div class=\"wp-block-image\"><figure class=\"alignleft\"><a href=\"http:\/\/noticiasemdestaque.com\/cd\/wp-content\/uploads\/2019\/10\/Reiniao-EscritorioLocal-CaprinoOvino-4.jpg\"><img decoding=\"async\" data-src=\"http:\/\/noticiasemdestaque.com\/cd\/wp-content\/uploads\/2019\/10\/Reiniao-EscritorioLocal-CaprinoOvino-4.jpg\" alt=\"\" class=\"wp-image-20396 lazyload\" src=\"data:image\/svg+xml;base64,PHN2ZyB3aWR0aD0iMSIgaGVpZ2h0PSIxIiB4bWxucz0iaHR0cDovL3d3dy53My5vcmcvMjAwMC9zdmciPjwvc3ZnPg==\" \/><\/a><\/figure><\/div>\n\n\n\n<p><\/p>\n\n\n\n<p>O AgroNordeste \u00e9 voltado para pequenos e m\u00e9dios produtores que j\u00e1 comercializam parte da produ\u00e7\u00e3o, mas ainda encontram dificuldades para expandir o neg\u00f3cio e gerar mais renda e emprego na regi\u00e3o onde vivem. Entre os objetivos do plano est\u00e3o aumentar a cobertura da assist\u00eancia t\u00e9cnica, ampliar o acesso e diversificar mercados, promover e fortalecer a organiza\u00e7\u00e3o dos produtores, garantir seguran\u00e7a h\u00eddrica e desenvolver produtos com qualidade e valor agregado (dados do MAPA).<\/p>\n\n\n\n<p>Ainda na ocasi\u00e3o, foi feita a entrega do trof\u00e9u relativo \u00e0s comemora\u00e7\u00f5es dos 10 Anos do CDSA ao senhor Francisco de Assis Quintans, um dos homenageados na solenidade realizada em setembro \u00faltimo, para festejar o anivers\u00e1rio do Centro de Desenvolvimento Sustent\u00e1vel do Semi\u00e1rido.<\/p>\n\n\n\n<p>Assimp CDSA\/UCG<\/p>\n","protected":false},"excerpt":{"rendered":"<p>Foi realizada na manh\u00e3 dessa ter\u00e7a-feira (22), no audit\u00f3rio do Centro de Desenvolvimento Sustent\u00e1vel do Semi\u00e1rido uma reuni\u00e3o para consolidar a caprino-ovinocultura das regi\u00f5es do&hellip; <\/p>\n","protected":false},"author":1,"featured_media":129168,"comment_status":"closed","ping_status":"closed","sticky":false,"template":"","format":"standard","meta":{"sfsi_plus_gutenberg_text_before_share":"","sfsi_plus_gutenberg_show_text_before_share":"","sfsi_plus_gutenberg_icon_type":"","sfsi_plus_gutenberg_icon_alignemt":"","sfsi_plus_gutenburg_max_per_row":"","footnotes":""},"categories":[14],"tags":[],"class_list":["post-129167","post","type-post","status-publish","format-standard","has-post-thumbnail","hentry","category-educacao"],"_links":{"self":[{"href":"https:\/\/www.caririemacao.com\/1\/wp-json\/wp\/v2\/posts\/129167","targetHints":{"allow":["GET"]}}],"collection":[{"href":"https:\/\/www.caririemacao.com\/1\/wp-json\/wp\/v2\/posts"}],"about":[{"href":"https:\/\/www.caririemacao.com\/1\/wp-json\/wp\/v2\/types\/post"}],"author":[{"embeddable":true,"href":"https:\/\/www.caririemacao.com\/1\/wp-json\/wp\/v2\/users\/1"}],"replies":[{"embeddable":true,"href":"https:\/\/www.caririemacao.com\/1\/wp-json\/wp\/v2\/comments?post=129167"}],"version-history":[{"count":1,"href":"https:\/\/www.caririemacao.com\/1\/wp-json\/wp\/v2\/posts\/129167\/revisions"}],"predecessor-version":[{"id":129169,"href":"https:\/\/www.caririemacao.com\/1\/wp-json\/wp\/v2\/posts\/129167\/revisions\/129169"}],"wp:featuredmedia":[{"embeddable":true,"href":"https:\/\/www.caririemacao.com\/1\/wp-json\/wp\/v2\/media\/129168"}],"wp:attachment":[{"href":"https:\/\/www.caririemacao.com\/1\/wp-json\/wp\/v2\/media?parent=129167"}],"wp:term":[{"taxonomy":"category","embeddable":true,"href":"https:\/\/www.caririemacao.com\/1\/wp-json\/wp\/v2\/categories?post=129167"},{"taxonomy":"post_tag","embeddable":true,"href":"https:\/\/www.caririemacao.com\/1\/wp-json\/wp\/v2\/tags?post=129167"}],"curies":[{"name":"wp","href":"https:\/\/api.w.org\/{rel}","templated":true}]}}