{"id":129171,"date":"2019-10-23T13:57:46","date_gmt":"2019-10-23T16:57:46","guid":{"rendered":"http:\/\/www.caririemacao.com\/1\/?p=129171"},"modified":"2019-10-23T13:57:46","modified_gmt":"2019-10-23T16:57:46","slug":"nota-de-esclarecimento-secretaria-de-agricultura-da-prata","status":"publish","type":"post","link":"https:\/\/www.caririemacao.com\/1\/2019\/10\/23\/nota-de-esclarecimento-secretaria-de-agricultura-da-prata\/","title":{"rendered":"Nota de esclarecimento: Secretaria de Agricultura da Prata"},"content":{"rendered":"\n<p>A prefeitura Municipal de Prata atrav\u00e9s da secret\u00e1ria de Agricultura vem esclarecer ao p\u00fablico em geral e aos Agricultores homologados da Safra 17\/18 que o munic\u00edpio ficou fora da folha de pagamento devido ao an\u00e1lises pluviom\u00e9trico pela SAF(secret\u00e1ria Agricultura Fam\u00edliar).<br><a rel=\"noreferrer noopener\" href=\"https:\/\/drive.google.com\/file\/d\/11GV92m8v_v9JjcoQnLLChgxfoIKSohL8\/view?usp=drivesdk\" target=\"_blank\">Confira o documento aqui clicando<\/a><br>O Garantia-Safra \u00e9 um beneficio condicionado que tem como objetivo de garantir condi\u00e7\u00f5es m\u00ednimas de sobreviv\u00eancia aos agricultores familiares de baixa renda em munic\u00edpios sujeitos a perda sistem\u00e1tica de safra por estiagem ou excesso h\u00eddrico. Atualmente tem cobertura na \u00e1rea deabrang\u00eancia da SUDENE \u2013 Superintend\u00eancia de Desenvolvimento do Nordeste.<br>2. Os procedimentos para verifica\u00e7\u00e3o de perdas seguem os crit\u00e9rios que preceitua a Leique criou o Garantia-Safra e as Portarias MDA n\u00ba42\/2012, SEAD n\u00ba204\/2017 e SEAD n\u00ba73\/2018. S\u00e3oeles: regularidade dos aportes ao Fundo Garantia-Safra, solicita\u00e7\u00e3o de vistoria por parte da prefeituramunicipal e constata\u00e7\u00e3o de perda de, pelo menos, 50% da produ\u00e7\u00e3o das culturas cobertas peloGarantia-Safra.<br>3. No caso do seu munic\u00edpio, na safra 2017\/2018, n\u00e3o foi constatada perda igual ousuperior a 50% da produ\u00e7\u00e3o agr\u00edcola municipal de acordo com os \u00edndices utilizados pelo Garantia-Safra, a saber: (a) informa\u00e7\u00f5es dos laudos amostrais de vistoria; (b) modelo de penaliza\u00e7\u00e3o h\u00eddrica doInstituto Nacional de Meteorologia \u2013 INMET; (c) \u00edndice de suprimento de \u00e1gua para o crescimentovegetal \u2013 ISACV\/CEMADEN; e, (d) \u00edndice de perdas calculado pela SAF a partir de informa\u00e7\u00f5esagr\u00edcolas do LSPA e da PAM, conforme art. 9\u00ba da Portaria SAF N\u00ba 42\/2012 e Portaria SEAD N\u00ba73\/2018.I &#8211; Perda em Laudo: -74%II-perda indicador INMET:76%III-Indicador ISAV\/CEMADEM: N\u00e3o apresentou condi\u00e7\u00f5es de seca Agr\u00edcola.IV-perda calculada pela SAF com informa\u00e7\u00f5es do LSPA e PAM:12%.<br>O secret\u00e1rio de Agricultura do munic\u00edpio Genivaldo Temb\u00f3rio falou\u00a0 da que foi uma perda para os agricultores e para o munic\u00edpio que deixa de enjetar mais de 170.000,00 mil reais na ec\u00f4nomia do munic\u00edpio.Relatou tamb\u00e9m que n\u00e3o s\u00f3 o munic\u00edpio da Prata mais tamb\u00e9m outros munic\u00edpio do Cariri como Amparo, Monteiro, Cara\u00fabas,Coxixola, S\u00e3o Jos\u00e9 dos Cordeiros e mais 170 munic\u00edpio do Estado da Para\u00edba segundo os dados de Rean\u00e1lises enviados pelo Coordena\u00e7\u00e3o Estadual Garantia Safra na Para\u00edba.<br>O Prefeito J\u00fanior N\u00f3brega falou do compromisso por Parte da Prefeitura que ao longo dos sete anos de Seu Governo vem mantendo seu compromisso em pagar os aportes municipais por parte da prefeitura e que j\u00e1 est\u00e1 recorrendo juntamente com assessoria jur\u00eddica para que a SAF(secret\u00e1ria de Agricultura Fam\u00edliar)nos enviar informa\u00e7\u00f5es que outros munic\u00edpio vizinho receberem o mesmo laudos e entrarem na folha de pagamento!<\/p>\n\n\n\n<p><\/p>\n\n\n\n<figure class=\"wp-block-image\"><a href=\"https:\/\/1.bp.blogspot.com\/-553WjK1HUaY\/Xa-iOwXy0AI\/AAAAAAABUNY\/ueG6RJgDBkEydH9r6L7rY6Gg4_UVecpdQCLcBGAsYHQ\/s1600\/IMG-20191022-WA0293.jpg\"><img decoding=\"async\" data-src=\"https:\/\/1.bp.blogspot.com\/-553WjK1HUaY\/Xa-iOwXy0AI\/AAAAAAABUNY\/ueG6RJgDBkEydH9r6L7rY6Gg4_UVecpdQCLcBGAsYHQ\/s320\/IMG-20191022-WA0293.jpg\" alt=\"\" src=\"data:image\/svg+xml;base64,PHN2ZyB3aWR0aD0iMSIgaGVpZ2h0PSIxIiB4bWxucz0iaHR0cDovL3d3dy53My5vcmcvMjAwMC9zdmciPjwvc3ZnPg==\" class=\"lazyload\" \/><\/a><\/figure>\n\n\n\n<figure class=\"wp-block-image\"><a href=\"https:\/\/1.bp.blogspot.com\/-qu0MT_oMerw\/Xa-iTyXI13I\/AAAAAAABUNc\/nopVeoD_XSUBrax4sQ0S0qH6mSMCnhxdgCLcBGAsYHQ\/s1600\/IMG-20191022-WA0292.jpg\"><img decoding=\"async\" data-src=\"https:\/\/1.bp.blogspot.com\/-qu0MT_oMerw\/Xa-iTyXI13I\/AAAAAAABUNc\/nopVeoD_XSUBrax4sQ0S0qH6mSMCnhxdgCLcBGAsYHQ\/s320\/IMG-20191022-WA0292.jpg\" alt=\"\" src=\"data:image\/svg+xml;base64,PHN2ZyB3aWR0aD0iMSIgaGVpZ2h0PSIxIiB4bWxucz0iaHR0cDovL3d3dy53My5vcmcvMjAwMC9zdmciPjwvc3ZnPg==\" class=\"lazyload\" \/><\/a><\/figure>\n\n\n\n<p>O Prefeito tamb\u00e9m falou do programa de ara\u00e7\u00e3o de terras que ao longo dos&nbsp; sete anos de seu governo vem mantedo a parceria com Agricultores para que aja melhores condi\u00e7\u00f5es de lucratividade do plantio no per\u00edodo de inverno.\n\n<\/p>\n","protected":false},"excerpt":{"rendered":"<p>A prefeitura Municipal de Prata atrav\u00e9s da secret\u00e1ria de Agricultura vem esclarecer ao p\u00fablico em geral e aos Agricultores homologados da Safra 17\/18 que o&hellip; <\/p>\n","protected":false},"author":1,"featured_media":129172,"comment_status":"closed","ping_status":"closed","sticky":false,"template":"","format":"standard","meta":{"sfsi_plus_gutenberg_text_before_share":"","sfsi_plus_gutenberg_show_text_before_share":"","sfsi_plus_gutenberg_icon_type":"","sfsi_plus_gutenberg_icon_alignemt":"","sfsi_plus_gutenburg_max_per_row":"","footnotes":""},"categories":[6],"tags":[],"class_list":["post-129171","post","type-post","status-publish","format-standard","has-post-thumbnail","hentry","category-cidades"],"_links":{"self":[{"href":"https:\/\/www.caririemacao.com\/1\/wp-json\/wp\/v2\/posts\/129171","targetHints":{"allow":["GET"]}}],"collection":[{"href":"https:\/\/www.caririemacao.com\/1\/wp-json\/wp\/v2\/posts"}],"about":[{"href":"https:\/\/www.caririemacao.com\/1\/wp-json\/wp\/v2\/types\/post"}],"author":[{"embeddable":true,"href":"https:\/\/www.caririemacao.com\/1\/wp-json\/wp\/v2\/users\/1"}],"replies":[{"embeddable":true,"href":"https:\/\/www.caririemacao.com\/1\/wp-json\/wp\/v2\/comments?post=129171"}],"version-history":[{"count":1,"href":"https:\/\/www.caririemacao.com\/1\/wp-json\/wp\/v2\/posts\/129171\/revisions"}],"predecessor-version":[{"id":129173,"href":"https:\/\/www.caririemacao.com\/1\/wp-json\/wp\/v2\/posts\/129171\/revisions\/129173"}],"wp:featuredmedia":[{"embeddable":true,"href":"https:\/\/www.caririemacao.com\/1\/wp-json\/wp\/v2\/media\/129172"}],"wp:attachment":[{"href":"https:\/\/www.caririemacao.com\/1\/wp-json\/wp\/v2\/media?parent=129171"}],"wp:term":[{"taxonomy":"category","embeddable":true,"href":"https:\/\/www.caririemacao.com\/1\/wp-json\/wp\/v2\/categories?post=129171"},{"taxonomy":"post_tag","embeddable":true,"href":"https:\/\/www.caririemacao.com\/1\/wp-json\/wp\/v2\/tags?post=129171"}],"curies":[{"name":"wp","href":"https:\/\/api.w.org\/{rel}","templated":true}]}}