{"id":129175,"date":"2019-10-23T14:08:43","date_gmt":"2019-10-23T17:08:43","guid":{"rendered":"http:\/\/www.caririemacao.com\/1\/?p=129175"},"modified":"2019-10-23T14:08:43","modified_gmt":"2019-10-23T17:08:43","slug":"agevisa-determina-retirada-de-medicamento-em-toda-paraiba","status":"publish","type":"post","link":"https:\/\/www.caririemacao.com\/1\/2019\/10\/23\/agevisa-determina-retirada-de-medicamento-em-toda-paraiba\/","title":{"rendered":"Agevisa determina retirada de medicamento em toda Para\u00edba"},"content":{"rendered":"\n<p>Ag\u00eancia Estadual de Vigil\u00e2ncia Sanit\u00e1ria (Agevisa\/PB) emitiu Nota T\u00e9cnica (n\u00ba 02\/2019) determinando a imediata suspens\u00e3o da comercializa\u00e7\u00e3o e a retirada do produto Verhagel do mercado em todo o territ\u00f3rio paraibano. Assinado pela diretora-geral J\u00f3ria Guerreiro, o documento confirma a inexist\u00eancia do registro sanit\u00e1rio obrigat\u00f3rio do produto na Anvisa, assim como a irregularidade, perante a Receita Federal, da empresa MBM \u2013 Ind\u00fastria Qu\u00edmica e Farmac\u00eautica Ltda. (CNPJ: 06.303.987-0001-08), que consta na embalagem como respons\u00e1vel pela fabrica\u00e7\u00e3o.<\/p>\n\n\n\n<p>A Agevisa participou da opera\u00e7\u00e3o, realizada na ter\u00e7a-feira (22), em Jo\u00e3o Pessoa, sob o comando do Minist\u00e9rio P\u00fablico da Para\u00edba, que resultou na interdi\u00e7\u00e3o de duas distribuidoras de medicamentos, na pris\u00e3o em flagrante de uma pessoa e na apreens\u00e3o de mais de 800 unidades da pomada Verhagel. Agentes da Receita Federal e inspetores da Ger\u00eancia de Vigil\u00e2ncia Sanit\u00e1ria da Capital tamb\u00e9m participaram da opera\u00e7\u00e3o, que teve o apoio das pol\u00edcias Civil e Militar.<\/p>\n\n\n\n<p>Representaram a Agevisa\/PB na Opera\u00e7\u00e3o os inspetores sanit\u00e1rios James Fialho e Gilmara Mendes. Segundo James, foi comprovado que a pomada Verhagel, usada na cicatriza\u00e7\u00e3o de feridas e queimaduras, n\u00e3o possui registro sanit\u00e1rio.<\/p>\n\n\n\n<p>\u201cO \u00faltimo registro do produto expirou em maio de 2015, ou seja, h\u00e1 mais de quatro anos. E como o registro na Anvisa \u00e9 compuls\u00f3rio e est\u00e1 expirado, a pomada est\u00e1 sendo comercializada de forma irregular no mercado\u201d, explicou.<\/p>\n\n\n\n<figure class=\"wp-block-image\"><img decoding=\"async\" data-src=\"https:\/\/paraibaonline.com.br\/wp-content\/uploads\/2019\/10\/pomada2310.jpg\" alt=\"Foto ilustrativa: Reprodu\u00e7\u00e3o\" class=\"wp-image-814511 lazyload\" src=\"data:image\/svg+xml;base64,PHN2ZyB3aWR0aD0iMSIgaGVpZ2h0PSIxIiB4bWxucz0iaHR0cDovL3d3dy53My5vcmcvMjAwMC9zdmciPjwvc3ZnPg==\" \/><\/figure>\n\n\n\n<p>Foto ilustrativa: Reprodu\u00e7\u00e3o<\/p>\n\n\n\n<p>A primeira distribuidora interditada foi a Alfamed \u2013 Ind\u00fastria Qu\u00edmica e Farmac\u00eautica, que tamb\u00e9m \u00e9 a fabricante do medicamento. O respons\u00e1vel t\u00e9cnico pela empresa foi preso em flagrante por venda de produto sem o registro do \u00f3rg\u00e3o de Vigil\u00e2ncia Sanit\u00e1ria competente (artigo 273, par\u00e1grafos 1\u00ba e 1\u00ba-B, inciso I do C\u00f3digo Penal). Nessa empresa houve a apreens\u00e3o de 558 bisnagas da pomada e de insumos para a fabrica\u00e7\u00e3o do produto.<\/p>\n\n\n\n<p>A segunda interdi\u00e7\u00e3o ocorreu na distribuidora Histoderme, onde foi constatada aus\u00eancia de Alvar\u00e1 e de respons\u00e1vel t\u00e9cnico registrado no Conselho Regional de Farm\u00e1cia (CRF). Na Histoderme foram recolhidas 144 unidades do produto irregular. Al\u00e9m disso, outras onze unidades da pomada foram apreendidas em outras duas distribuidoras e tr\u00eas farm\u00e1cias.<\/p>\n\n\n\n<p>Segundo o diretor-geral do MP-Procon, promotor Glauberto Bezerra, a opera\u00e7\u00e3o foi motivada pela detec\u00e7\u00e3o, por parte da intelig\u00eancia da Receita Estadual, da comercializa\u00e7\u00e3o da pomada sem o devido registro na Ag\u00eancia Nacional de Vigil\u00e2ncia Sanit\u00e1ria, e tamb\u00e9m da fabrica\u00e7\u00e3o do produto por uma empresa com CNPJ e Inscri\u00e7\u00e3o Estadual cancelados.<\/p>\n\n\n\n<p>Glauberto Bezerra informou que, al\u00e9m da apreens\u00e3o dos produtos, os respons\u00e1veis pelas irregularidades v\u00e3o responder civil, administrativa e penalmente por estarem vendendo mercadoria para sa\u00fade sem autoriza\u00e7\u00e3o dos \u00f3rg\u00e3os sanit\u00e1rios.<br><\/p>\n","protected":false},"excerpt":{"rendered":"<p>Ag\u00eancia Estadual de Vigil\u00e2ncia Sanit\u00e1ria (Agevisa\/PB) emitiu Nota T\u00e9cnica (n\u00ba 02\/2019) determinando a imediata suspens\u00e3o da comercializa\u00e7\u00e3o e a retirada do produto Verhagel do mercado&hellip; <\/p>\n","protected":false},"author":1,"featured_media":129176,"comment_status":"closed","ping_status":"closed","sticky":false,"template":"","format":"standard","meta":{"sfsi_plus_gutenberg_text_before_share":"","sfsi_plus_gutenberg_show_text_before_share":"","sfsi_plus_gutenberg_icon_type":"","sfsi_plus_gutenberg_icon_alignemt":"","sfsi_plus_gutenburg_max_per_row":"","footnotes":""},"categories":[16],"tags":[],"class_list":["post-129175","post","type-post","status-publish","format-standard","has-post-thumbnail","hentry","category-saude"],"_links":{"self":[{"href":"https:\/\/www.caririemacao.com\/1\/wp-json\/wp\/v2\/posts\/129175","targetHints":{"allow":["GET"]}}],"collection":[{"href":"https:\/\/www.caririemacao.com\/1\/wp-json\/wp\/v2\/posts"}],"about":[{"href":"https:\/\/www.caririemacao.com\/1\/wp-json\/wp\/v2\/types\/post"}],"author":[{"embeddable":true,"href":"https:\/\/www.caririemacao.com\/1\/wp-json\/wp\/v2\/users\/1"}],"replies":[{"embeddable":true,"href":"https:\/\/www.caririemacao.com\/1\/wp-json\/wp\/v2\/comments?post=129175"}],"version-history":[{"count":1,"href":"https:\/\/www.caririemacao.com\/1\/wp-json\/wp\/v2\/posts\/129175\/revisions"}],"predecessor-version":[{"id":129177,"href":"https:\/\/www.caririemacao.com\/1\/wp-json\/wp\/v2\/posts\/129175\/revisions\/129177"}],"wp:featuredmedia":[{"embeddable":true,"href":"https:\/\/www.caririemacao.com\/1\/wp-json\/wp\/v2\/media\/129176"}],"wp:attachment":[{"href":"https:\/\/www.caririemacao.com\/1\/wp-json\/wp\/v2\/media?parent=129175"}],"wp:term":[{"taxonomy":"category","embeddable":true,"href":"https:\/\/www.caririemacao.com\/1\/wp-json\/wp\/v2\/categories?post=129175"},{"taxonomy":"post_tag","embeddable":true,"href":"https:\/\/www.caririemacao.com\/1\/wp-json\/wp\/v2\/tags?post=129175"}],"curies":[{"name":"wp","href":"https:\/\/api.w.org\/{rel}","templated":true}]}}