{"id":129179,"date":"2019-10-23T14:09:40","date_gmt":"2019-10-23T17:09:40","guid":{"rendered":"http:\/\/www.caririemacao.com\/1\/?p=129179"},"modified":"2019-10-23T14:09:40","modified_gmt":"2019-10-23T17:09:40","slug":"ativistas-jogam-tinta-preta-na-entrada-do-palacio-do-planalto-em-referencia-a-manchas-de-oleo","status":"publish","type":"post","link":"https:\/\/www.caririemacao.com\/1\/2019\/10\/23\/ativistas-jogam-tinta-preta-na-entrada-do-palacio-do-planalto-em-referencia-a-manchas-de-oleo\/","title":{"rendered":"Ativistas jogam tinta preta na entrada do Pal\u00e1cio do Planalto em refer\u00eancia a manchas de \u00f3leo"},"content":{"rendered":"\n<p>Ativistas ambientais do Greenpeace jogaram tinta preta na entrada do Pal\u00e1cio do Planalto, em Bras\u00edlia, na manh\u00e3 desta quarta-feira (23). O ato simula as manchas de \u00f3leo que, desde setembro, atingem o litoral nordestino.<\/p>\n\n\n\n<p>Por volta das 10h30, 17 manifestantes foram detidos. O grupo foi levado para delegacia ap\u00f3s o DF Legal \u2013 \u00f3rg\u00e3o de fiscaliza\u00e7\u00e3o do governo local \u2013 notificar os organizadores por descarte irregular de lixo em \u00e1rea p\u00fablica.<\/p>\n\n\n\n<p>Vestido de preto, o grupo levantou faixas com cr\u00edticas \u00e0 &#8220;lentid\u00e3o&#8221; do governo federal para conter as manchas nas praias. Os manifestantes posicionaram barris em frente \u00e0 sede da Presid\u00eancia da Rep\u00fablica \u2013 simulando recipientes de petr\u00f3leo \u2013 e espalharam areia sobre uma lona azul, para representar o mar. Em seguida, despejaram um l\u00edquido preto, mistura de \u00f3leo e tinta.<\/p>\n\n\n\n<p>Em nota, o Minist\u00e9rio do Meio Ambiente disse ao G1 que houve &#8220;depreda\u00e7\u00e3o do patrim\u00f4nio p\u00fablico&#8221;. A Presid\u00eancia da Rep\u00fablica afirmou que n\u00e3o vai comentar o ato.<br>O protesto<br>Cerca de 20 pessoas participaram da manifesta\u00e7\u00e3o organizada pelo Greenpeace. O porta-voz de clima e energia da ONG, Tiago Almeida, afirma que o objetivo \u00e9 &#8220;chamar a aten\u00e7\u00e3o das autoridades e da popula\u00e7\u00e3o para a import\u00e2ncia da gest\u00e3o respons\u00e1vel dos recursos ambientais&#8221;.<\/p>\n\n\n\n<p>&#8220;O governo precisa colocar em pr\u00e1tica, de maneira efetiva e correta, o Plano Nacional de Conting\u00eancia, combater esse \u00f3leo e proteger as popula\u00e7\u00f5es que est\u00e3o sendo afetadas&#8221;, disse. &#8220;As pessoas est\u00e3o colocando a pr\u00f3pria sa\u00fade em risco.&#8221;<\/p>\n\n\n\n<p>&#8220;Precisamos encontrar o local de origem desse \u00f3leo e entender o que est\u00e1 acontecendo.&#8221;<br>O grupo chegou por volta das 8h e montou um tel\u00e3o pr\u00f3ximo \u00e0 Pra\u00e7a dos Tr\u00eas Poderes. Eles aguardaram o hasteamento da bandeira, que ocorre todos os dias em frente \u00e0 sede do governo, para posicionar as instala\u00e7\u00f5es visuais.<br>No local, imagens retrataram o desmatamento e as queimadas que atingem a Amaz\u00f4nia. As fotos alternavam com frases como &#8220;Brasil manchado de \u00f3leo&#8221; e &#8220;P\u00e1tria queimada Brasil&#8221;.<\/p>\n\n\n\n<p>Queimadas<br>Os manifestantes tamb\u00e9m empilharam galhos de \u00e1rvores que restaram de inc\u00eandios ocorridos na Amaz\u00f4nia Legal. Os troncos foram amarrados nas cercas do Pal\u00e1cio do Planalto.<\/p>\n\n\n\n<p>Seguran\u00e7as da Presid\u00eancia tentaram impedir a instala\u00e7\u00e3o, mas n\u00e3o conseguiram.<\/p>\n\n\n\n<p>Multa<br>Ap\u00f3s o ato, a Secretaria de Prote\u00e7\u00e3o da Ordem Urban\u00edstica foi chamada para medir o espa\u00e7o ocupado pela instala\u00e7\u00e3o montada pelos ativistas. Ao G1, a equipe t\u00e9cnica do DF Legal informou que o Greenpeace devem responder por &#8220;descarte irregular de res\u00edduo em \u00e1rea p\u00fablica&#8221;.<\/p>\n\n\n\n<p>A medi\u00e7\u00e3o preliminar indicou que a instala\u00e7\u00e3o montada nesta quarta (22) pelos ativistas ocupou 4,30 metros quadrados. O valor a ser cobrado ainda ser\u00e1 calculado e deve levar em conta o volume e o tipo de lixo.<\/p>\n\n\n\n<p>Al\u00e9m de madeira e a mistura de tinta com \u00f3leo, barris de pl\u00e1stico, areia, faixas e lonas foram deixados no local.<\/p>\n\n\n\n<p>O que diz o governo<br>Em nota, o Minist\u00e9rio do Meio Ambiente n\u00e3o respondeu se pretende receber os manifestantes e nem como far\u00e1 para limpar o local. O comunicado enviado pela pasta diz, no entanto, que houve &#8220;depreda\u00e7\u00e3o do patrim\u00f4nio&#8221;.<\/p>\n\n\n\n<p>\u201cN\u00e3o bastasse n\u00e3o ajudar no esfor\u00e7o de limpeza das praias, o Greenpeace ainda depreda patrim\u00f4nio p\u00fablico.\u201d<br>A reportagem tamb\u00e9m entrou em contato com a Presid\u00eancia da Rep\u00fablica. A Secretaria de Comunica\u00e7\u00e3o disse que o Pal\u00e1cio do Planalto n\u00e3o ir\u00e1 comentar o ato.<\/p>\n","protected":false},"excerpt":{"rendered":"<p>Ativistas ambientais do Greenpeace jogaram tinta preta na entrada do Pal\u00e1cio do Planalto, em Bras\u00edlia, na manh\u00e3 desta quarta-feira (23). O ato simula as manchas&hellip; <\/p>\n","protected":false},"author":1,"featured_media":129180,"comment_status":"closed","ping_status":"closed","sticky":false,"template":"","format":"standard","meta":{"sfsi_plus_gutenberg_text_before_share":"","sfsi_plus_gutenberg_show_text_before_share":"","sfsi_plus_gutenberg_icon_type":"","sfsi_plus_gutenberg_icon_alignemt":"","sfsi_plus_gutenburg_max_per_row":"","footnotes":""},"categories":[2],"tags":[],"class_list":["post-129179","post","type-post","status-publish","format-standard","has-post-thumbnail","hentry","category-geral"],"_links":{"self":[{"href":"https:\/\/www.caririemacao.com\/1\/wp-json\/wp\/v2\/posts\/129179","targetHints":{"allow":["GET"]}}],"collection":[{"href":"https:\/\/www.caririemacao.com\/1\/wp-json\/wp\/v2\/posts"}],"about":[{"href":"https:\/\/www.caririemacao.com\/1\/wp-json\/wp\/v2\/types\/post"}],"author":[{"embeddable":true,"href":"https:\/\/www.caririemacao.com\/1\/wp-json\/wp\/v2\/users\/1"}],"replies":[{"embeddable":true,"href":"https:\/\/www.caririemacao.com\/1\/wp-json\/wp\/v2\/comments?post=129179"}],"version-history":[{"count":1,"href":"https:\/\/www.caririemacao.com\/1\/wp-json\/wp\/v2\/posts\/129179\/revisions"}],"predecessor-version":[{"id":129181,"href":"https:\/\/www.caririemacao.com\/1\/wp-json\/wp\/v2\/posts\/129179\/revisions\/129181"}],"wp:featuredmedia":[{"embeddable":true,"href":"https:\/\/www.caririemacao.com\/1\/wp-json\/wp\/v2\/media\/129180"}],"wp:attachment":[{"href":"https:\/\/www.caririemacao.com\/1\/wp-json\/wp\/v2\/media?parent=129179"}],"wp:term":[{"taxonomy":"category","embeddable":true,"href":"https:\/\/www.caririemacao.com\/1\/wp-json\/wp\/v2\/categories?post=129179"},{"taxonomy":"post_tag","embeddable":true,"href":"https:\/\/www.caririemacao.com\/1\/wp-json\/wp\/v2\/tags?post=129179"}],"curies":[{"name":"wp","href":"https:\/\/api.w.org\/{rel}","templated":true}]}}