{"id":129186,"date":"2019-10-23T14:19:34","date_gmt":"2019-10-23T17:19:34","guid":{"rendered":"http:\/\/www.caririemacao.com\/1\/?p=129186"},"modified":"2019-10-23T14:19:34","modified_gmt":"2019-10-23T17:19:34","slug":"estudante-da-escola-goncala-rodrigues-e-vencedor-do-concurso-para-escolha-de-logotipo-do-cmdca-de-sume","status":"publish","type":"post","link":"https:\/\/www.caririemacao.com\/1\/2019\/10\/23\/estudante-da-escola-goncala-rodrigues-e-vencedor-do-concurso-para-escolha-de-logotipo-do-cmdca-de-sume\/","title":{"rendered":"Estudante da Escola Gon\u00e7ala Rodrigues \u00e9 vencedor do Concurso para escolha de logotipo do CMDCA de Sum\u00e9"},"content":{"rendered":"\n<p>O estudante Francisco de Assis Rodrigues Rafael J\u00fanior, da Escola Gon\u00e7ala Rodrigues de Freitas foi o vencedor do concurso para a escolha do logotipo do Conselho Municipal dos Direitos da Crian\u00e7a e do Adolescente (CMDCA).<\/p>\n\n\n\n<p>O vencedor receber\u00e1 um tablet como premia\u00e7\u00e3o a ser entregue no pr\u00f3ximo dia 30\/10 durante o F\u00f3rum sobre Preven\u00e7\u00e3o da Viol\u00eancia Contra Adolescentes e Jovens, na Escola Z\u00e9lia Braz, quando tamb\u00e9m ser\u00e1 apresentada oficialmente o logotipo vencedor.<\/p>\n\n\n\n<p>O logotipo passar\u00e1 a ser de propriedade exclusiva do CMDCA do munic\u00edpio de Sum\u00e9 e ser\u00e1 utilizado como identidade visual do Conselho.<\/p>\n\n\n\n<p>O concurso foi lan\u00e7ado no dia 5 de outubro, em conjunto com a Secretaria Municipal de Cultura, e teve 36 participantes de oito escolas da rede municipal de ensino.<\/p>\n\n\n\n<p>A comiss\u00e3o julgadora levou em considera\u00e7\u00e3o no julgamento dos logotipos: criatividade, originalidade, aplicabilidade e comunicabilidade.<\/p>\n\n\n\n<p>Confira a classifica\u00e7\u00e3o:<\/p>\n\n\n\n<table class=\"wp-block-table\"><tbody><tr><td><strong>UMEIEF Gon\u00e7ala Rodrigues de Freitas<\/strong><\/td><\/tr><tr><td><strong>N\u00ba<\/strong><\/td><td><strong>Aluno<\/strong><\/td><td><strong>Situa\u00e7\u00e3o<\/strong><\/td><\/tr><tr><td><strong>01<\/strong><\/td><td>Francisco de Assis Rodrigues Rafael J\u00fanior<\/td><td>Vencedor<\/td><\/tr><\/tbody><\/table>\n\n\n\n<p>Ao mesmo tempo, a Comiss\u00e3o de Organiza\u00e7\u00e3o e Julgamento divulga a lista de participantes por Escola:<\/p>\n\n\n\n<table class=\"wp-block-table\"><tbody><tr><td><strong>UMEF Presidente Vargas<\/strong><\/td><\/tr><tr><td><strong>N\u00ba<\/strong><\/td><td><strong>Aluno<\/strong><\/td><td><strong>Situa\u00e7\u00e3o<\/strong><\/td><\/tr><tr><td><strong>01<\/strong><\/td><td>Ana Kamile Fran\u00e7a de Brito<\/td><td>\u2013<\/td><\/tr><tr><td><strong>02<\/strong><\/td><td>Ana L\u00facia Ferreira de Soares<\/td><td>\u2013<\/td><\/tr><tr><td><strong>03<\/strong><\/td><td>D\u00e9bora Barros Fernandes Lambu<\/td><td>\u2013<\/td><\/tr><tr><td><strong>04<\/strong><\/td><td>Thaysla Mirele Feitosa de Sousa<\/td><td>\u2013<\/td><\/tr><tr><td><strong>05<\/strong><\/td><td>Vit\u00f3ria Raquelly Batista Viana<\/td><td>\u2013<\/td><\/tr><\/tbody><\/table>\n\n\n\n<table class=\"wp-block-table\"><tbody><tr><td><strong>UMEIEF Jos\u00e9 Bonif\u00e1cio Barbosa de Andrade<\/strong><\/td><\/tr><tr><td><strong>N\u00ba<\/strong><\/td><td><strong>Aluno<\/strong><\/td><td><strong>Situa\u00e7\u00e3o<\/strong><\/td><\/tr><tr><td><strong>01<\/strong><\/td><td>Ana Beatriz Gomes da Silva<\/td><td>\u2013<\/td><\/tr><tr><td><strong>02<\/strong><\/td><td>B\u00e1rbara Fernanda Oliveira de Moura<\/td><td>\u2013<\/td><\/tr><tr><td><strong>03<\/strong><\/td><td>Jos\u00e9 It\u00e1lo Ara\u00fajo Ferreira<\/td><td>\u2013<\/td><\/tr><tr><td><strong>04<\/strong><\/td><td>Mois\u00e9s Jesus de Moura Soares<\/td><td>\u2013<\/td><\/tr><tr><td><strong>05<\/strong><\/td><td>Neuza Miriam F. Barbosa<\/td><td>\u2013<\/td><\/tr><\/tbody><\/table>\n\n\n\n<table class=\"wp-block-table\"><tbody><tr><td><strong>EMEF Padre Paulo Roberto de Oliveira<\/strong><\/td><\/tr><tr><td><strong>N\u00ba<\/strong><\/td><td><strong>Aluno<\/strong><\/td><td><strong>Situa\u00e7\u00e3o<\/strong><\/td><\/tr><tr><td><strong>01<\/strong><\/td><td>C\u00edcera Jenifer Assis de Lima<\/td><td>\u2013<\/td><\/tr><tr><td><strong>02<\/strong><\/td><td>Jamilly Milena Ara\u00fajo Estendio<\/td><td>\u2013<\/td><\/tr><tr><td><strong>03<\/strong><\/td><td>Jonata da Silva<\/td><td>\u2013<\/td><\/tr><tr><td><strong>04<\/strong><\/td><td>Maria Eduarda Ferreira da Silva<\/td><td>\u2013<\/td><\/tr><tr><td><strong>05<\/strong><\/td><td>Maria Eduarda Freitas de Souza<\/td><td>\u2013<\/td><\/tr><\/tbody><\/table>\n\n\n\n<table class=\"wp-block-table\"><tbody><tr><td><strong>UMEIEF Maria Leite Rafael<\/strong><\/td><\/tr><tr><td><strong>N\u00ba<\/strong><\/td><td><strong>Aluno<\/strong><\/td><td><strong>Situa\u00e7\u00e3o<\/strong><\/td><\/tr><tr><td><strong>01<\/strong><\/td><td>Ana Clara da Silva Lima<\/td><td>\u2013<\/td><\/tr><tr><td><strong>02<\/strong><\/td><td>Ana Clara da Silva Ramos<\/td><td>\u2013<\/td><\/tr><tr><td><strong>03<\/strong><\/td><td>Bruno Ariel dos Santos Silva<\/td><td>\u2013<\/td><\/tr><tr><td><strong>04<\/strong><\/td><td>Mirelly Silva Batista<\/td><td>\u2013<\/td><\/tr><tr><td><strong>05<\/strong><\/td><td>Yasmim Maciel de Lima<\/td><td>\u2013<\/td><\/tr><\/tbody><\/table>\n\n\n\n<table class=\"wp-block-table\"><tbody><tr><td><strong>UMEIEF Gon\u00e7ala Rodrigues de Freitas<\/strong><\/td><\/tr><tr><td><strong>N\u00ba<\/strong><\/td><td><strong>Aluno<\/strong><\/td><td><strong>Situa\u00e7\u00e3o<\/strong><\/td><\/tr><tr><td><strong>01<\/strong><\/td><td>Francisco de Assis Rodrigues Rafael J\u00fanior<\/td><td>\u2013<\/td><\/tr><tr><td><strong>02<\/strong><\/td><td>Francisco Matheus F\u00e9lix Ara\u00fajo<\/td><td>\u2013<\/td><\/tr><tr><td><strong>03<\/strong><\/td><td>Jo\u00e3o Vitor da Silva Benegas<\/td><td>\u2013<\/td><\/tr><tr><td><strong>04<\/strong><\/td><td>Lucas do Nascimento Silva<\/td><td>\u2013<\/td><\/tr><tr><td><strong>05<\/strong><\/td><td>St\u00e9fany Haiane Silva da Paz<\/td><td>\u2013<\/td><\/tr><tr><td><strong>Escola Agrot\u00e9cnica de Ensino Fundamental Deputado Evaldo Gon\u00e7alves de Queiroz<\/strong><\/td><\/tr><tr><td><strong>N\u00ba<\/strong><\/td><td><strong>Aluno<\/strong><\/td><td><strong>Situa\u00e7\u00e3o<\/strong><\/td><\/tr><tr><td><strong>01<\/strong><\/td><td>Ant\u00f4nio Henrique L de Sousa<\/td><td>\u2013<\/td><\/tr><tr><td><strong>02<\/strong><\/td><td>Emilly Mal\u00fa de Lima Ferreira<\/td><td>\u2013<\/td><\/tr><tr><td><strong>03<\/strong><\/td><td>Jefferson Jos\u00e9 Batista Pereira<\/td><td>\u2013<\/td><\/tr><tr><td><strong>04<\/strong><\/td><td>Jos\u00e9 Vinicius Alves da Silva<\/td><td>\u2013<\/td><\/tr><tr><td><strong>05<\/strong><\/td><td>Joyce Leovirgilio Vasconcelos<\/td><td>\u2013<\/td><\/tr><\/tbody><\/table>\n\n\n\n<table class=\"wp-block-table\"><tbody><tr><td><strong>UMEIEF Professora Z\u00e9lia Braz<\/strong><\/td><\/tr><tr><td><strong>N\u00ba<\/strong><\/td><td><strong>Aluno<\/strong><\/td><td><strong>Situa\u00e7\u00e3o<\/strong><\/td><\/tr><tr><td><strong>01<\/strong><\/td><td>Bianca Isabella dos Santos<\/td><td>\u2013<\/td><\/tr><tr><td><strong>02<\/strong><\/td><td>Erick Ryan Brito da Silva<\/td><td>\u2013<\/td><\/tr><tr><td><strong>03<\/strong><\/td><td>Luiz Gabriel Lucena<\/td><td>\u2013<\/td><\/tr><tr><td><strong>04<\/strong><\/td><td>Maria Geovana Rodrigues Soares<\/td><td>\u2013<\/td><\/tr><tr><td><strong>05<\/strong><\/td><td>Maria Yasmim da Silva Alves<\/td><td>\u2013<\/td><\/tr><\/tbody><\/table>\n\n\n\n<p>Ascom PMS<\/p>\n","protected":false},"excerpt":{"rendered":"<p>O estudante Francisco de Assis Rodrigues Rafael J\u00fanior, da Escola Gon\u00e7ala Rodrigues de Freitas foi o vencedor do concurso para a escolha do logotipo do&hellip; <\/p>\n","protected":false},"author":1,"featured_media":47443,"comment_status":"closed","ping_status":"closed","sticky":false,"template":"","format":"standard","meta":{"sfsi_plus_gutenberg_text_before_share":"","sfsi_plus_gutenberg_show_text_before_share":"","sfsi_plus_gutenberg_icon_type":"","sfsi_plus_gutenberg_icon_alignemt":"","sfsi_plus_gutenburg_max_per_row":"","footnotes":""},"categories":[50,14],"tags":[],"class_list":["post-129186","post","type-post","status-publish","format-standard","has-post-thumbnail","hentry","category-destaque","category-educacao"],"_links":{"self":[{"href":"https:\/\/www.caririemacao.com\/1\/wp-json\/wp\/v2\/posts\/129186","targetHints":{"allow":["GET"]}}],"collection":[{"href":"https:\/\/www.caririemacao.com\/1\/wp-json\/wp\/v2\/posts"}],"about":[{"href":"https:\/\/www.caririemacao.com\/1\/wp-json\/wp\/v2\/types\/post"}],"author":[{"embeddable":true,"href":"https:\/\/www.caririemacao.com\/1\/wp-json\/wp\/v2\/users\/1"}],"replies":[{"embeddable":true,"href":"https:\/\/www.caririemacao.com\/1\/wp-json\/wp\/v2\/comments?post=129186"}],"version-history":[{"count":1,"href":"https:\/\/www.caririemacao.com\/1\/wp-json\/wp\/v2\/posts\/129186\/revisions"}],"predecessor-version":[{"id":129188,"href":"https:\/\/www.caririemacao.com\/1\/wp-json\/wp\/v2\/posts\/129186\/revisions\/129188"}],"wp:featuredmedia":[{"embeddable":true,"href":"https:\/\/www.caririemacao.com\/1\/wp-json\/wp\/v2\/media\/47443"}],"wp:attachment":[{"href":"https:\/\/www.caririemacao.com\/1\/wp-json\/wp\/v2\/media?parent=129186"}],"wp:term":[{"taxonomy":"category","embeddable":true,"href":"https:\/\/www.caririemacao.com\/1\/wp-json\/wp\/v2\/categories?post=129186"},{"taxonomy":"post_tag","embeddable":true,"href":"https:\/\/www.caririemacao.com\/1\/wp-json\/wp\/v2\/tags?post=129186"}],"curies":[{"name":"wp","href":"https:\/\/api.w.org\/{rel}","templated":true}]}}