{"id":129195,"date":"2019-10-23T19:12:05","date_gmt":"2019-10-23T22:12:05","guid":{"rendered":"http:\/\/www.caririemacao.com\/1\/?p=129195"},"modified":"2019-10-23T19:12:05","modified_gmt":"2019-10-23T22:12:05","slug":"edna-henrique-e-condenada-pela-justica-federal-por-irregularidades-em-convenio-confira-a-decisao","status":"publish","type":"post","link":"https:\/\/www.caririemacao.com\/1\/2019\/10\/23\/edna-henrique-e-condenada-pela-justica-federal-por-irregularidades-em-convenio-confira-a-decisao\/","title":{"rendered":"Edna Henrique \u00e9 condenada pela Justi\u00e7a Federal por irregularidades em conv\u00eanio; confira a decis\u00e3o"},"content":{"rendered":"\n<p>A ex-prefeita de Monteiro e deputada federal Edna Henrique (PSDB), foi condenada pela Justi\u00e7a Federal no Munic\u00edpio de Monteiro, por irregularidades na execu\u00e7\u00e3o de um conv\u00eanio com o Minist\u00e9rio do Turismo. A condena\u00e7\u00e3o \u00e9 oriunda de irregularidades na execu\u00e7\u00e3o do Conv\u00eanio n\u00ba 741663\/2010, firmado entre o Munic\u00edpio de Monteiro\/PB e o Minist\u00e9rio do Turismo, no ano de 2010, com o prop\u00f3sito de realizar o evento denominado \u201cFesta de S\u00e3o Pedro\u201d.<\/p>\n\n\n\n<p>Segundo o MPF, os recursos financeiros para a execu\u00e7\u00e3o do projeto foram fixados em R$ 110.000,00 (cento e dez mil reais), sendo R$ 100.000,00 (cem mil reais) por conta do \u00d3rg\u00e3o da Uni\u00e3o e R$ 10.000,00 (dez mil reais), a t\u00edtulo de contrapartida, por conta da edilidade. Ao apreciar a documenta\u00e7\u00e3o atinente ao conv\u00eanio, o Minist\u00e9rio do Turismo, nas palavras do MPF, editou a Nota T\u00e9cnica de An\u00e1lise n\u00ba 1.056\/2012, apontando, na ocasi\u00e3o, que \u201cn\u00e3o foram apresentados elementos suficientes que permitam a emiss\u00e3o de parecer t\u00e9cnico conclusivo a respeito do cumprimento do objeto do conv\u00eanio, sendo necess\u00e1rio diligenciamento junto ao Convenente\u201d. O \u00d3rg\u00e3o da Uni\u00e3o, portanto, solicitou \u00e0 edilidade paraibana o envio de documenta\u00e7\u00e3o complementar.<\/p>\n\n\n\n<p>\u201cSucede que, conforme pontuou o Parquet, a Nota T\u00e9cnica de Rean\u00e1lise n\u00ba 0993\/2012 consignou o insucesso de o munic\u00edpio comprovar algumas ressalvas, a saber: a) aplica\u00e7\u00e3o da logomarca do Minist\u00e9rio do Turismo no contexto do evento; b) declara\u00e7\u00e3o de gratuidade; c) declara\u00e7\u00e3o de autoridade local; e d) declara\u00e7\u00e3o acerca da exist\u00eancia de patrocinadores do evento\u201d, conforme consta no relat\u00f3rio da decis\u00e3o de condena\u00e7\u00e3o.<\/p>\n\n\n\n<p>O MPF real\u00e7ou que a Nota T\u00e9cnica de An\u00e1lise Financeira n\u00ba 0691\/2013 e a Nota T\u00e9cnica de An\u00e1lise Financeira Complementar n\u00ba 218\/2015 reprovaram a aplica\u00e7\u00e3o financeira dos recursos, eis que o procedimento de inexigibilidade de licita\u00e7\u00e3o deflagrado ocorreu em desacordo com a legisla\u00e7\u00e3o de reg\u00eancia e com entendimento firmado pelo Tribunal de Contas da Uni\u00e3o.<\/p>\n\n\n\n<p>A responsabilidade de Ednac\u00e9 Alves Silvestre Henrique decorreu, conforme relat\u00f3rio da decis\u00e3o, do fato de, na condi\u00e7\u00e3o de Prefeita de Monteiro, ter realizado contrata\u00e7\u00e3o direta ilegal. Ainda segundo o MPF, a ent\u00e3o gestora da edilidade contou com a participa\u00e7\u00e3o dos demandados Emmanuel Fernandes de Freitas G\u00f3is \u2013 ME (MANUCA PRODU\u00c7\u00d5ES) e Emmanuel Fernandes de Freitas G\u00f3is \u2013 ME, que foram diretamente beneficiados pela inexigibilidade, e assim, pugnou pela condena\u00e7\u00e3o dos acusados.<\/p>\n\n\n\n<p>O Justi\u00e7a Federal de Monteiro condenou Ednac\u00e9 Henrique pela conduta \u00edmproba dolosa caracterizada pelo dano ao er\u00e1rio, com fulcro no art. 12, II, da Lei n.\u00ba 8.429\/92, e aplicou com san\u00e7\u00f5es o ressarcimento integral do preju\u00edzo ao er\u00e1rio. Al\u00e9m de Edna, tamb\u00e9m foram condenados Emmanuel Fernandes de Freitas G\u00f3is \u2013 ME (MANUCA PRODU\u00c7\u00d5ES) e Emmanuel Fernandes de Freitas G\u00f3is \u2013 ME e membros da comiss\u00e3o de licita\u00e7\u00e3o da \u00e9poca, que solidariamente com Edna, ter\u00e3o de ressarcir o valor integral do dano, cujo deve ser verificado em sede de liquida\u00e7\u00e3o de senten\u00e7a, quando poder\u00e1 ser apurada a diferen\u00e7a entre o valor contratado e o valor mediano em caso de regular certame licitat\u00f3rio, a sofrer os acr\u00e9scimos legais em conformidade com o Manual de C\u00e1lculos da Justi\u00e7a Federal.<\/p>\n\n\n\n<p>A ex-prefeita ainda foi condenada ao pagamento de multa civil, na import\u00e2ncia de 20% (vinte por cento) do valor do conv\u00eanio.<\/p>\n\n\n\n<p>A senten\u00e7a foi proferida em 1 de julho de 2019, e assinada, eletronicamente pelo Juiz Dr. Federal Rodrigo Maia da Fonte. Emmanuel Fernandes de Freitas G\u00f3is \u2013 ME (MANUCA PRODU\u00c7\u00d5ES) e Emmanuel Fernandes de Freitas G\u00f3is apresentaram embargos declarat\u00f3rios em face da senten\u00e7a repousada, por\u00e9m, o Juiz Federal Dr. Rodrigo Maia manteve a senten\u00e7a proferida.<\/p>\n","protected":false},"excerpt":{"rendered":"<p>A ex-prefeita de Monteiro e deputada federal Edna Henrique (PSDB), foi condenada pela Justi\u00e7a Federal no Munic\u00edpio de Monteiro, por irregularidades na execu\u00e7\u00e3o de um&hellip; <\/p>\n","protected":false},"author":1,"featured_media":99771,"comment_status":"closed","ping_status":"closed","sticky":false,"template":"","format":"standard","meta":{"sfsi_plus_gutenberg_text_before_share":"","sfsi_plus_gutenberg_show_text_before_share":"","sfsi_plus_gutenberg_icon_type":"","sfsi_plus_gutenberg_icon_alignemt":"","sfsi_plus_gutenburg_max_per_row":"","footnotes":""},"categories":[50,2],"tags":[],"class_list":["post-129195","post","type-post","status-publish","format-standard","has-post-thumbnail","hentry","category-destaque","category-geral"],"_links":{"self":[{"href":"https:\/\/www.caririemacao.com\/1\/wp-json\/wp\/v2\/posts\/129195","targetHints":{"allow":["GET"]}}],"collection":[{"href":"https:\/\/www.caririemacao.com\/1\/wp-json\/wp\/v2\/posts"}],"about":[{"href":"https:\/\/www.caririemacao.com\/1\/wp-json\/wp\/v2\/types\/post"}],"author":[{"embeddable":true,"href":"https:\/\/www.caririemacao.com\/1\/wp-json\/wp\/v2\/users\/1"}],"replies":[{"embeddable":true,"href":"https:\/\/www.caririemacao.com\/1\/wp-json\/wp\/v2\/comments?post=129195"}],"version-history":[{"count":1,"href":"https:\/\/www.caririemacao.com\/1\/wp-json\/wp\/v2\/posts\/129195\/revisions"}],"predecessor-version":[{"id":129197,"href":"https:\/\/www.caririemacao.com\/1\/wp-json\/wp\/v2\/posts\/129195\/revisions\/129197"}],"wp:featuredmedia":[{"embeddable":true,"href":"https:\/\/www.caririemacao.com\/1\/wp-json\/wp\/v2\/media\/99771"}],"wp:attachment":[{"href":"https:\/\/www.caririemacao.com\/1\/wp-json\/wp\/v2\/media?parent=129195"}],"wp:term":[{"taxonomy":"category","embeddable":true,"href":"https:\/\/www.caririemacao.com\/1\/wp-json\/wp\/v2\/categories?post=129195"},{"taxonomy":"post_tag","embeddable":true,"href":"https:\/\/www.caririemacao.com\/1\/wp-json\/wp\/v2\/tags?post=129195"}],"curies":[{"name":"wp","href":"https:\/\/api.w.org\/{rel}","templated":true}]}}