{"id":129214,"date":"2019-10-24T08:30:54","date_gmt":"2019-10-24T11:30:54","guid":{"rendered":"http:\/\/www.caririemacao.com\/1\/?p=129214"},"modified":"2019-10-24T08:30:54","modified_gmt":"2019-10-24T11:30:54","slug":"governador-se-reune-com-ministro-do-meio-ambiente-e-cobra-providencia-sobre-manchas-de-oleo","status":"publish","type":"post","link":"https:\/\/www.caririemacao.com\/1\/2019\/10\/24\/governador-se-reune-com-ministro-do-meio-ambiente-e-cobra-providencia-sobre-manchas-de-oleo\/","title":{"rendered":"Governador se re\u00fane com ministro do Meio Ambiente e cobra provid\u00eancia sobre manchas de \u00f3leo"},"content":{"rendered":"\n<p>O governador Jo\u00e3o Azev\u00eado manteve audi\u00eancia, nesta quarta-feira (23), em Bras\u00edlia, com o ministro do Meio Ambiente, Ricardo Salles, e cobrou provid\u00eancias do Governo Federal acerca das manchas de \u00f3leo que afetam as praias do Nordeste. Jo\u00e3o&nbsp;tamb\u00e9m protocolou um of\u00edcio em que explica as a\u00e7\u00f5es j\u00e1 adotadas pela administra\u00e7\u00e3o estadual, em caso de o Estado ser afetado pelo problema.&nbsp;<\/p>\n\n\n\n<p>Na reuni\u00e3o, o governador&nbsp;externou sua preocupa\u00e7\u00e3o com os poss\u00edveis impactos ambientais e econ\u00f4micos que a polui\u00e7\u00e3o ambiental registrada no Litoral nordestino poder\u00e1 causar.<\/p>\n\n\n\n<p>\u201cA Para\u00edba teve poucas praias atingidas, entretanto, com o surgimento de novas manchas em Pernambuco, um sinal de alerta foi aceso. Esse \u00e9 um desastre ambiental de propor\u00e7\u00f5es gigantescas que poder\u00e1 trazer danos muito graves ao meio ambiente, considerando que o litoral do nosso Estado \u00e9 marcado por arrecifes, que poder\u00e3o ser prejudicados, al\u00e9m do impacto no turismo\u201d, pontuou.&nbsp;<\/p>\n\n\n\n<p>Jo\u00e3o Azev\u00eado tamb\u00e9m solicitou medidas urgentes do Governo federal para identificar a origem do \u00f3leo.&nbsp;&nbsp;<\/p>\n\n\n\n<p>\u201cOs Estados t\u00eam feito um esfor\u00e7o muito grande no sentido de retirar o material, mas n\u00e3o podemos nos limitar a esse papel, temos que solicitar do Governo federal que n\u00e3o me\u00e7a esfor\u00e7os, que solicite aux\u00edlio internacional, se for o caso, para que possamos identificar a fonte, porque enquanto n\u00e3o identificarmos a origem do que est\u00e1 gerando essa polui\u00e7\u00e3o enorme, vamos ficar \u00e0 merc\u00ea de uma circunst\u00e2ncia, vivendo uma grande interroga\u00e7\u00e3o e uma sensa\u00e7\u00e3o de incapacidade enorme, pois apenas limpar as praias n\u00e3o ser\u00e1 suficiente\u201d, observou.&nbsp;<\/p>\n\n\n\n<p>O ministro assegurou que todo o aparato do Governo federal foi colocado \u00e0 disposi\u00e7\u00e3o para identificar a origem do \u00f3leo, a exemplo de sat\u00e9lites, avi\u00f5es, radares, navios, al\u00e9m do efetivo do Ibama, Marinha, Ex\u00e9rcito e ICMBio. Ele tamb\u00e9m afirmou que pouco mais de mil toneladas do material j\u00e1 foram retiradas do mar e das praias nordestinas.&nbsp;<\/p>\n\n\n\n<p>A vice-governadora L\u00edgia Feliciano; os deputados federais Dami\u00e3o Feliciano e Wilson Santiago; o secret\u00e1rio da Fazenda, Marialvo Laureano; o secret\u00e1rio da Comunica\u00e7\u00e3o Institucional, Nonato Bandeira; o secret\u00e1rio executivo da Representa\u00e7\u00e3o Institucional, Adauto Fernandes; o procurador-geral do Estado, F\u00e1bio Andrade; e o chefe de Gabinete do governador, Ronaldo Guerra, estiveram presentes no encontro. Tamb\u00e9m participaram o presidente do Ibama, Eduardo Bim, e o presidente do ICMBio, coronel Homero.<\/p>\n\n\n\n<figure class=\"wp-block-image\"><img decoding=\"async\" data-src=\"https:\/\/www.clickpb.com.br\/media\/filer_public\/d9\/12\/d912ccd1-4470-481b-a9d9-e9fa9f893f3d\/276f1574-0ce6-474a-ae64-ada1672e89a2jpeg.jpg\" alt=\"\" src=\"data:image\/svg+xml;base64,PHN2ZyB3aWR0aD0iMSIgaGVpZ2h0PSIxIiB4bWxucz0iaHR0cDovL3d3dy53My5vcmcvMjAwMC9zdmciPjwvc3ZnPg==\" class=\"lazyload\" \/><\/figure>\n\n\n\n<p>Reuni\u00e3o na Para\u00edba<\/p>\n\n\n\n<p>&nbsp;Nessa ter\u00e7a-feira (22), o governador Jo\u00e3o Azev\u00eado se reuniu com representantes das Secretarias de Estado da Infraestrutura e do Meio Ambiente e da Comunica\u00e7\u00e3o Institucional, Superintend\u00eancia de Administra\u00e7\u00e3o do Meio Ambiente (Sudema), Defesa Civil, Corpo de Bombeiros, Pol\u00edcia Militar, Gabinete Militar, Capitania dos Portos, 1\u00ba Grupamento de Engenharia, Minist\u00e9rio P\u00fablico Federal, Minist\u00e9rio P\u00fablico Estadual, Instituto Brasileiro do Meio Ambiente e dos Recursos Naturais Renov\u00e1veis (Ibama), Instituto Chico Mendes de Conserva\u00e7\u00e3o da Biodiversidade (ICMBio) e Petrobras, al\u00e9m das Prefeituras de&nbsp; Pitimbu, Conde, Jo\u00e3o Pessoa, Cabedelo, Lucena, Mataraca, Ba\u00eda da Trai\u00e7\u00e3o e Rio Tinto para tra\u00e7ar as primeiras estrat\u00e9gias de combate \u00e0s manchas de \u00f3leo no Estado.<\/p>\n\n\n\n<p>A amplia\u00e7\u00e3o do grupo de trabalho, que ficar\u00e1 encarregado de encaminhar e definir a\u00e7\u00f5es t\u00e9cnicas e operacionais, a intensifica\u00e7\u00e3o do monitoramento das \u00e1reas mais vulner\u00e1veis do Litoral paraibano, bem como o monitoramento a\u00e9reo, o estudo das correntes marinhas com o aux\u00edlio da Universidade Federal da Para\u00edba (UFPB) e a realiza\u00e7\u00e3o de campanhas de esclarecimento voltadas \u00e0 sociedade civil foram algumas das a\u00e7\u00f5es encaminhadas na oportunidade.&nbsp;<\/p>\n","protected":false},"excerpt":{"rendered":"<p>O governador Jo\u00e3o Azev\u00eado manteve audi\u00eancia, nesta quarta-feira (23), em Bras\u00edlia, com o ministro do Meio Ambiente, Ricardo Salles, e cobrou provid\u00eancias do Governo Federal&hellip; <\/p>\n","protected":false},"author":1,"featured_media":129215,"comment_status":"closed","ping_status":"closed","sticky":false,"template":"","format":"standard","meta":{"sfsi_plus_gutenberg_text_before_share":"","sfsi_plus_gutenberg_show_text_before_share":"","sfsi_plus_gutenberg_icon_type":"","sfsi_plus_gutenberg_icon_alignemt":"","sfsi_plus_gutenburg_max_per_row":"","footnotes":""},"categories":[2],"tags":[],"class_list":["post-129214","post","type-post","status-publish","format-standard","has-post-thumbnail","hentry","category-geral"],"_links":{"self":[{"href":"https:\/\/www.caririemacao.com\/1\/wp-json\/wp\/v2\/posts\/129214","targetHints":{"allow":["GET"]}}],"collection":[{"href":"https:\/\/www.caririemacao.com\/1\/wp-json\/wp\/v2\/posts"}],"about":[{"href":"https:\/\/www.caririemacao.com\/1\/wp-json\/wp\/v2\/types\/post"}],"author":[{"embeddable":true,"href":"https:\/\/www.caririemacao.com\/1\/wp-json\/wp\/v2\/users\/1"}],"replies":[{"embeddable":true,"href":"https:\/\/www.caririemacao.com\/1\/wp-json\/wp\/v2\/comments?post=129214"}],"version-history":[{"count":1,"href":"https:\/\/www.caririemacao.com\/1\/wp-json\/wp\/v2\/posts\/129214\/revisions"}],"predecessor-version":[{"id":129216,"href":"https:\/\/www.caririemacao.com\/1\/wp-json\/wp\/v2\/posts\/129214\/revisions\/129216"}],"wp:featuredmedia":[{"embeddable":true,"href":"https:\/\/www.caririemacao.com\/1\/wp-json\/wp\/v2\/media\/129215"}],"wp:attachment":[{"href":"https:\/\/www.caririemacao.com\/1\/wp-json\/wp\/v2\/media?parent=129214"}],"wp:term":[{"taxonomy":"category","embeddable":true,"href":"https:\/\/www.caririemacao.com\/1\/wp-json\/wp\/v2\/categories?post=129214"},{"taxonomy":"post_tag","embeddable":true,"href":"https:\/\/www.caririemacao.com\/1\/wp-json\/wp\/v2\/tags?post=129214"}],"curies":[{"name":"wp","href":"https:\/\/api.w.org\/{rel}","templated":true}]}}