{"id":129276,"date":"2019-10-24T08:43:15","date_gmt":"2019-10-24T11:43:15","guid":{"rendered":"http:\/\/www.caririemacao.com\/1\/?p=129276"},"modified":"2019-10-24T08:43:15","modified_gmt":"2019-10-24T11:43:15","slug":"estudante-de-64-anos-realiza-sonho-de-se-formar-em-teatro-na-ufpb","status":"publish","type":"post","link":"https:\/\/www.caririemacao.com\/1\/2019\/10\/24\/estudante-de-64-anos-realiza-sonho-de-se-formar-em-teatro-na-ufpb\/","title":{"rendered":"Estudante de 64 anos realiza sonho de se formar em Teatro na UFPB"},"content":{"rendered":"\n<p>A estudante Aparecida Melo, 64 anos, tirou nota m\u00e1xima no Trabalho de Conclus\u00e3o de Curso (TCC) e tem hoje seu t\u00e3o sonhado Diploma de Teatro.<\/p>\n\n\n\n<p>Jornalista, funcion\u00e1ria p\u00fablica, dona de casa, m\u00e3e de tr\u00eas filhos, e formada em Jornalismo e Rela\u00e7\u00f5es P\u00fablicas, Aparecida afirmou que sempre gostou de teatro desde pequena.<\/p>\n\n\n\n<p>Na fase adulta, seguiu adaptando o gosto pela representa\u00e7\u00e3o ao trabalho. Nunca conseguiu ficar totalmente distante das artes. Participou de diversas oficinas, f\u00f3runs, cursos. Ainda hoje, faz trabalhos manuais e volunt\u00e1rios na \u00e1rea.<\/p>\n\n\n\n<p>\u201cOrganizo o meu tempo conciliando fam\u00edlia, trabalho e lazer. Com a implanta\u00e7\u00e3o e funcionamento do curso de Teatro pela UFPB, assim que pude, voltei a estudar. Estou muito feliz pelo Bacharelado em Teatro. \u00c9 muito prazeroso fazer o que gostamos. No pr\u00f3ximo semestre, estarei concluindo p\u00f3s-gradua\u00e7\u00e3o em Arte-educa\u00e7\u00e3o. Acredito e gosto do que fa\u00e7o\u201d.<\/p>\n\n\n\n<p>\u201cEstudar a hist\u00f3ria do teatro, com suas especificidades, me trouxe muitas alegrias. O curso \u00e9 encantador, transformador, potencializador, tem identifica\u00e7\u00e3o com minhas refer\u00eancias e convic\u00e7\u00f5es\u201d, contou ela.<\/p>\n\n\n\n<p>\u201c\u00c9 preciso seguir em frente, n\u00e3o deixando e nem permitindo que julgamento de ningu\u00e9m destrua nossos sonhos. \u00c9 necess\u00e1rio lutar com dignidade, ser fiel ao nosso cora\u00e7\u00e3o sem medo de ser feliz. Esse \u00e9 o primeiro passo. Somente n\u00f3s mesmos podemos realizar nossos pr\u00f3prios desejos\u201d.<\/p>\n\n\n\n<p>Recentemente, participou do curta Devir, com dire\u00e7\u00e3o de Jackson Dutra, uma realiza\u00e7\u00e3o do curso de Cinema e Audiovisual da UFPB. \u201cQuando li o roteiro, foi bastante impactante, at\u00e9 pensei em n\u00e3o aceitar o convite tamanho foi o susto das nuances para interpretar a matriarca da fam\u00edlia. Na segunda lida, ca\u00ed na real, desencanei, pois quem estaria ali n\u00e3o seria a minha pessoa, e sim a personagem, eu apenas estava me dando a oportunidade de vencer desafios. Foi maravilhoso em todos os sentidos\u201d.<\/p>\n\n\n\n<p>Para melhorar ainda mais o curso, no seu ponto de vista, as salas utilizadas precisam de mais infraestrutura, como ar condicionado em pleno funcionamento, al\u00e9m de limpeza peri\u00f3dica. \u201cTemos muitas atividades corporais. O clima quente desencadeia tontura, dores de cabe\u00e7a, mal-estar. Precisamos de bebedouros funcionando, sanit\u00e1rios sem vazamento, salas de estudo, verba para montagem de espet\u00e1culos\u201d, reclama.<\/p>\n\n\n\n<p>Em um contexto recente de poss\u00edvel censura no campo do teatro, realizada por organiza\u00e7\u00f5es como Centro Cultural Banco do Brasil e Caixa Cultural, Aparecida M\u00e9lo pensa que, de modo geral, \u00e9 algo delicado. \u201cQuando a tratativa agrega viola\u00e7\u00e3o dos direitos humanos, gera uma dicotomia exaustiva e desconfortante para todos\u201d.&nbsp;<\/p>\n\n\n\n<p>Sobre a ideia de somente atores profissionais poderem exercer a atividade, para ela, ator profissional deve ter forma\u00e7\u00e3o acad\u00eamica ou de n\u00edvel t\u00e9cnico, embora tamb\u00e9m existam os autodidatas.<\/p>\n\n\n\n<p>\u201c\u00c9 necess\u00e1rio ter registro profissional e se sindicalizar, se envolver com as atividades do seu sindicato. Independente do n\u00edvel, todos precisam estudar bastante, ser coletivo, ter compromisso com a equipe de trabalho e com o p\u00fablico. Fazer teatro \u00e9 ser plural, estar de prontid\u00e3o em benef\u00edcio da arte, com responsabilidade, ter humildade, autoconhecimento e \u00e9tica\u201d.<\/p>\n\n\n\n<p>Para o futuro, deseja estudar bastante, dar continuidade ao que faz no teatro, cinema e literatura. \u201cTenho 272 poemas. Quero fechar um bloco de 300 e participar ativamente de pesquisas culturais, acad\u00eamicas e de figurino teatral. Tamb\u00e9m estou com dois projetos em fase de estrutura\u00e7\u00e3o para deslanchar no ano que vem\u201d.<\/p>\n","protected":false},"excerpt":{"rendered":"<p>A estudante Aparecida Melo, 64 anos, tirou nota m\u00e1xima no Trabalho de Conclus\u00e3o de Curso (TCC) e tem hoje seu t\u00e3o sonhado Diploma de Teatro.&hellip; <\/p>\n","protected":false},"author":1,"featured_media":129278,"comment_status":"closed","ping_status":"closed","sticky":false,"template":"","format":"standard","meta":{"sfsi_plus_gutenberg_text_before_share":"","sfsi_plus_gutenberg_show_text_before_share":"","sfsi_plus_gutenberg_icon_type":"","sfsi_plus_gutenberg_icon_alignemt":"","sfsi_plus_gutenburg_max_per_row":"","footnotes":""},"categories":[14],"tags":[],"class_list":["post-129276","post","type-post","status-publish","format-standard","has-post-thumbnail","hentry","category-educacao"],"_links":{"self":[{"href":"https:\/\/www.caririemacao.com\/1\/wp-json\/wp\/v2\/posts\/129276","targetHints":{"allow":["GET"]}}],"collection":[{"href":"https:\/\/www.caririemacao.com\/1\/wp-json\/wp\/v2\/posts"}],"about":[{"href":"https:\/\/www.caririemacao.com\/1\/wp-json\/wp\/v2\/types\/post"}],"author":[{"embeddable":true,"href":"https:\/\/www.caririemacao.com\/1\/wp-json\/wp\/v2\/users\/1"}],"replies":[{"embeddable":true,"href":"https:\/\/www.caririemacao.com\/1\/wp-json\/wp\/v2\/comments?post=129276"}],"version-history":[{"count":1,"href":"https:\/\/www.caririemacao.com\/1\/wp-json\/wp\/v2\/posts\/129276\/revisions"}],"predecessor-version":[{"id":129279,"href":"https:\/\/www.caririemacao.com\/1\/wp-json\/wp\/v2\/posts\/129276\/revisions\/129279"}],"wp:featuredmedia":[{"embeddable":true,"href":"https:\/\/www.caririemacao.com\/1\/wp-json\/wp\/v2\/media\/129278"}],"wp:attachment":[{"href":"https:\/\/www.caririemacao.com\/1\/wp-json\/wp\/v2\/media?parent=129276"}],"wp:term":[{"taxonomy":"category","embeddable":true,"href":"https:\/\/www.caririemacao.com\/1\/wp-json\/wp\/v2\/categories?post=129276"},{"taxonomy":"post_tag","embeddable":true,"href":"https:\/\/www.caririemacao.com\/1\/wp-json\/wp\/v2\/tags?post=129276"}],"curies":[{"name":"wp","href":"https:\/\/api.w.org\/{rel}","templated":true}]}}