{"id":129287,"date":"2019-10-24T08:46:16","date_gmt":"2019-10-24T11:46:16","guid":{"rendered":"http:\/\/www.caririemacao.com\/1\/?p=129287"},"modified":"2019-10-24T08:46:16","modified_gmt":"2019-10-24T11:46:16","slug":"fala-de-bolsonaro-sobre-coco-vira-tema-de-questao-de-vestibular","status":"publish","type":"post","link":"https:\/\/www.caririemacao.com\/1\/2019\/10\/24\/fala-de-bolsonaro-sobre-coco-vira-tema-de-questao-de-vestibular\/","title":{"rendered":"Fala de Bolsonaro sobre coc\u00f4 vira tema de quest\u00e3o de vestibular"},"content":{"rendered":"\n<p>Uma fala do presidente Jair Bolsonaro na qual ele faz uma sugest\u00e3o para a popula\u00e7\u00e3o ir menos vezes ao banheiro virou tema de uma quest\u00e3o de vestibular. Em uma das perguntas da prova da Pontif\u00edcia Universidade Cat\u00f3lica do Paran\u00e1 (PUC-PR), o texto pr\u00e9vio cita a declara\u00e7\u00e3o do presidente que ele sugere que seja feito \u201ccoc\u00f4 dia sim, dia n\u00e3o\u201d. Na pergunta, a fala n\u00e3o \u00e9 atribu\u00edda a Bolsonaro, mas a uma \u201cautoridade p\u00fablica\u201d.<\/p>\n\n\n\n<figure class=\"wp-block-image\"><img decoding=\"async\" data-src=\"https:\/\/www.clickpb.com.br\/media\/filer_public\/94\/e1\/94e1affa-33da-4385-969c-2402c854b6a6\/cfjeskbj580bwbzv0sxcbwlz4.jpg\" alt=\"\" src=\"data:image\/svg+xml;base64,PHN2ZyB3aWR0aD0iMSIgaGVpZ2h0PSIxIiB4bWxucz0iaHR0cDovL3d3dy53My5vcmcvMjAwMC9zdmciPjwvc3ZnPg==\" class=\"lazyload\" \/><\/figure>\n\n\n\n<p>Ap\u00f3s o texto, a pergunta pede que o candidato escolha \u201ca op\u00e7\u00e3o que contribui realmente com a preserva\u00e7\u00e3o do meio ambiente\u201d.&nbsp;<\/p>\n\n\n\n<p>Entre as alternativas erradas estavam a prioriza\u00e7\u00e3o da agropecu\u00e1ria extensiva, a criminaliza\u00e7\u00e3o de Organiza\u00e7\u00f5es N\u00e3o Governamentais (ONGs), a restri\u00e7\u00e3o da divulga\u00e7\u00e3o de dados relativos ao desmatamento e a redu\u00e7\u00e3o do efetivo de institui\u00e7\u00f5es ambientais que monitoram o impacto de atividades humanas.<\/p>\n\n\n\n<p>Bolsonaro deu essa declara\u00e7\u00e3o durante uma entrevista coletiva na sa\u00edda do Pal\u00e1cio do Alvorada. Ao ser questionado por um jornalista sobre os efeitos do desenvolvimento da agropecu\u00e1ria para o meio ambiente no Brasil, ele sugeriu ao rep\u00f3rter: \u201cFa\u00e7a coc\u00f4 dia sim, dia n\u00e3o\u201d.<\/p>\n\n\n\n<p>\u00c9 s\u00f3 voc\u00ea deixar de comer menos um pouquinho. Quando se fala em polui\u00e7\u00e3o ambiental, \u00e9 s\u00f3 voc\u00ea fazer coc\u00f4 dia sim, dia n\u00e3o, que melhora bastante a nossa vida tamb\u00e9m, t\u00e1 certo?\u201d, afirmou Bolsonaro.<\/p>\n","protected":false},"excerpt":{"rendered":"<p>Uma fala do presidente Jair Bolsonaro na qual ele faz uma sugest\u00e3o para a popula\u00e7\u00e3o ir menos vezes ao banheiro virou tema de uma quest\u00e3o&hellip; <\/p>\n","protected":false},"author":1,"featured_media":129288,"comment_status":"closed","ping_status":"closed","sticky":false,"template":"","format":"standard","meta":{"sfsi_plus_gutenberg_text_before_share":"","sfsi_plus_gutenberg_show_text_before_share":"","sfsi_plus_gutenberg_icon_type":"","sfsi_plus_gutenberg_icon_alignemt":"","sfsi_plus_gutenburg_max_per_row":"","footnotes":""},"categories":[11],"tags":[],"class_list":["post-129287","post","type-post","status-publish","format-standard","has-post-thumbnail","hentry","category-politica"],"_links":{"self":[{"href":"https:\/\/www.caririemacao.com\/1\/wp-json\/wp\/v2\/posts\/129287","targetHints":{"allow":["GET"]}}],"collection":[{"href":"https:\/\/www.caririemacao.com\/1\/wp-json\/wp\/v2\/posts"}],"about":[{"href":"https:\/\/www.caririemacao.com\/1\/wp-json\/wp\/v2\/types\/post"}],"author":[{"embeddable":true,"href":"https:\/\/www.caririemacao.com\/1\/wp-json\/wp\/v2\/users\/1"}],"replies":[{"embeddable":true,"href":"https:\/\/www.caririemacao.com\/1\/wp-json\/wp\/v2\/comments?post=129287"}],"version-history":[{"count":1,"href":"https:\/\/www.caririemacao.com\/1\/wp-json\/wp\/v2\/posts\/129287\/revisions"}],"predecessor-version":[{"id":129289,"href":"https:\/\/www.caririemacao.com\/1\/wp-json\/wp\/v2\/posts\/129287\/revisions\/129289"}],"wp:featuredmedia":[{"embeddable":true,"href":"https:\/\/www.caririemacao.com\/1\/wp-json\/wp\/v2\/media\/129288"}],"wp:attachment":[{"href":"https:\/\/www.caririemacao.com\/1\/wp-json\/wp\/v2\/media?parent=129287"}],"wp:term":[{"taxonomy":"category","embeddable":true,"href":"https:\/\/www.caririemacao.com\/1\/wp-json\/wp\/v2\/categories?post=129287"},{"taxonomy":"post_tag","embeddable":true,"href":"https:\/\/www.caririemacao.com\/1\/wp-json\/wp\/v2\/tags?post=129287"}],"curies":[{"name":"wp","href":"https:\/\/api.w.org\/{rel}","templated":true}]}}