{"id":129311,"date":"2019-10-24T08:52:22","date_gmt":"2019-10-24T11:52:22","guid":{"rendered":"http:\/\/www.caririemacao.com\/1\/?p=129311"},"modified":"2019-10-24T08:52:22","modified_gmt":"2019-10-24T11:52:22","slug":"reforma-da-previdencia-beneficio-para-trabalhador-rural-nao-teve-mudanca","status":"publish","type":"post","link":"https:\/\/www.caririemacao.com\/1\/2019\/10\/24\/reforma-da-previdencia-beneficio-para-trabalhador-rural-nao-teve-mudanca\/","title":{"rendered":"Reforma da Previd\u00eancia: benef\u00edcio para trabalhador rural n\u00e3o teve mudan\u00e7a"},"content":{"rendered":"\n<p>Trabalhadores rurais tamb\u00e9m foram poupados da&nbsp;<a href=\"https:\/\/paraibaonline.com.br\/2019\/10\/reforma-da-previdencia-pensoes-por-morte-vao-ter-restricao\/\">reforma da Previd\u00eancia, aprovada nesta ter\u00e7a-feira<\/a>&nbsp;(22), ao contr\u00e1rio do que previa a vers\u00e3o original, enviada por Jair Bolsonaro (PSL), em fevereiro.<\/p>\n\n\n\n<p>Eles continuam podendo se aposentar com 15 anos de contribui\u00e7\u00e3o \u00e0 Previd\u00eancia e 60 anos de idade, se homem, ou 55 anos, se mulher.<\/p>\n\n\n\n<p>Al\u00e9m disso, mudan\u00e7as no pagamento do BPC (benef\u00edcio assistencial) a idosos carentes foram derrubadas.<\/p>\n\n\n\n<p>Os benef\u00edcios por incapacidade, por sua vez, ser\u00e3o alterados. O valor passa a ser de 60% da m\u00e9dia de todos os sal\u00e1rios do trabalhador.<\/p>\n","protected":false},"excerpt":{"rendered":"<p>Trabalhadores rurais tamb\u00e9m foram poupados da&nbsp;reforma da Previd\u00eancia, aprovada nesta ter\u00e7a-feira&nbsp;(22), ao contr\u00e1rio do que previa a vers\u00e3o original, enviada por Jair Bolsonaro (PSL), em&hellip; <\/p>\n","protected":false},"author":1,"featured_media":129313,"comment_status":"closed","ping_status":"closed","sticky":false,"template":"","format":"standard","meta":{"sfsi_plus_gutenberg_text_before_share":"","sfsi_plus_gutenberg_show_text_before_share":"","sfsi_plus_gutenberg_icon_type":"","sfsi_plus_gutenberg_icon_alignemt":"","sfsi_plus_gutenburg_max_per_row":"","footnotes":""},"categories":[11],"tags":[],"class_list":["post-129311","post","type-post","status-publish","format-standard","has-post-thumbnail","hentry","category-politica"],"_links":{"self":[{"href":"https:\/\/www.caririemacao.com\/1\/wp-json\/wp\/v2\/posts\/129311","targetHints":{"allow":["GET"]}}],"collection":[{"href":"https:\/\/www.caririemacao.com\/1\/wp-json\/wp\/v2\/posts"}],"about":[{"href":"https:\/\/www.caririemacao.com\/1\/wp-json\/wp\/v2\/types\/post"}],"author":[{"embeddable":true,"href":"https:\/\/www.caririemacao.com\/1\/wp-json\/wp\/v2\/users\/1"}],"replies":[{"embeddable":true,"href":"https:\/\/www.caririemacao.com\/1\/wp-json\/wp\/v2\/comments?post=129311"}],"version-history":[{"count":1,"href":"https:\/\/www.caririemacao.com\/1\/wp-json\/wp\/v2\/posts\/129311\/revisions"}],"predecessor-version":[{"id":129314,"href":"https:\/\/www.caririemacao.com\/1\/wp-json\/wp\/v2\/posts\/129311\/revisions\/129314"}],"wp:featuredmedia":[{"embeddable":true,"href":"https:\/\/www.caririemacao.com\/1\/wp-json\/wp\/v2\/media\/129313"}],"wp:attachment":[{"href":"https:\/\/www.caririemacao.com\/1\/wp-json\/wp\/v2\/media?parent=129311"}],"wp:term":[{"taxonomy":"category","embeddable":true,"href":"https:\/\/www.caririemacao.com\/1\/wp-json\/wp\/v2\/categories?post=129311"},{"taxonomy":"post_tag","embeddable":true,"href":"https:\/\/www.caririemacao.com\/1\/wp-json\/wp\/v2\/tags?post=129311"}],"curies":[{"name":"wp","href":"https:\/\/api.w.org\/{rel}","templated":true}]}}