{"id":129347,"date":"2019-10-24T08:58:09","date_gmt":"2019-10-24T11:58:09","guid":{"rendered":"http:\/\/www.caririemacao.com\/1\/?p=129347"},"modified":"2019-10-24T08:58:09","modified_gmt":"2019-10-24T11:58:09","slug":"tce-reprova-contas-do-ex-prefeito-de-caraubas-exercicio-2015","status":"publish","type":"post","link":"https:\/\/www.caririemacao.com\/1\/2019\/10\/24\/tce-reprova-contas-do-ex-prefeito-de-caraubas-exercicio-2015\/","title":{"rendered":"TCE reprova contas do ex-prefeito de Cara\u00fabas, exerc\u00edcio 2015"},"content":{"rendered":"\n<figure class=\"wp-block-image\"><img decoding=\"async\" data-src=\"http:\/\/www.blogdobrunolira.com.br\/wp-content\/uploads\/2019\/10\/11951969_877316485677899_2393272111344228175_n.jpg\" alt=\"\" src=\"data:image\/svg+xml;base64,PHN2ZyB3aWR0aD0iMSIgaGVpZ2h0PSIxIiB4bWxucz0iaHR0cDovL3d3dy53My5vcmcvMjAwMC9zdmciPjwvc3ZnPg==\" class=\"lazyload\" \/><\/figure>\n\n\n\n<p>O Tribunal de Contas da Para\u00edba reprovou as contas do ex-prefeito de Cara\u00fabas, Pedro Correia, nesta quarta-feira (23) referente ao exerc\u00edcio de 2015. A decis\u00e3o do TCE cabe recursos.<\/p>\n\n\n\n<p>Pedro Correia foi eleito em 2012 vice-prefeito ao lado do prefeito Severino Dudu, que faleceu no exerc\u00edcio do mandato em abril de 2014. Pedro assumiu o comando da gest\u00e3o, concorreu \u00e0 reelei\u00e7\u00e3o e foi derrotado pelo filho do Severino Dudu, Silvano Dudu.<\/p>\n","protected":false},"excerpt":{"rendered":"<p>O Tribunal de Contas da Para\u00edba reprovou as contas do ex-prefeito de Cara\u00fabas, Pedro Correia, nesta quarta-feira (23) referente ao exerc\u00edcio de 2015. A decis\u00e3o&hellip; <\/p>\n","protected":false},"author":1,"featured_media":129349,"comment_status":"closed","ping_status":"closed","sticky":false,"template":"","format":"standard","meta":{"sfsi_plus_gutenberg_text_before_share":"","sfsi_plus_gutenberg_show_text_before_share":"","sfsi_plus_gutenberg_icon_type":"","sfsi_plus_gutenberg_icon_alignemt":"","sfsi_plus_gutenburg_max_per_row":"","footnotes":""},"categories":[2],"tags":[],"class_list":["post-129347","post","type-post","status-publish","format-standard","has-post-thumbnail","hentry","category-geral"],"_links":{"self":[{"href":"https:\/\/www.caririemacao.com\/1\/wp-json\/wp\/v2\/posts\/129347","targetHints":{"allow":["GET"]}}],"collection":[{"href":"https:\/\/www.caririemacao.com\/1\/wp-json\/wp\/v2\/posts"}],"about":[{"href":"https:\/\/www.caririemacao.com\/1\/wp-json\/wp\/v2\/types\/post"}],"author":[{"embeddable":true,"href":"https:\/\/www.caririemacao.com\/1\/wp-json\/wp\/v2\/users\/1"}],"replies":[{"embeddable":true,"href":"https:\/\/www.caririemacao.com\/1\/wp-json\/wp\/v2\/comments?post=129347"}],"version-history":[{"count":1,"href":"https:\/\/www.caririemacao.com\/1\/wp-json\/wp\/v2\/posts\/129347\/revisions"}],"predecessor-version":[{"id":129350,"href":"https:\/\/www.caririemacao.com\/1\/wp-json\/wp\/v2\/posts\/129347\/revisions\/129350"}],"wp:featuredmedia":[{"embeddable":true,"href":"https:\/\/www.caririemacao.com\/1\/wp-json\/wp\/v2\/media\/129349"}],"wp:attachment":[{"href":"https:\/\/www.caririemacao.com\/1\/wp-json\/wp\/v2\/media?parent=129347"}],"wp:term":[{"taxonomy":"category","embeddable":true,"href":"https:\/\/www.caririemacao.com\/1\/wp-json\/wp\/v2\/categories?post=129347"},{"taxonomy":"post_tag","embeddable":true,"href":"https:\/\/www.caririemacao.com\/1\/wp-json\/wp\/v2\/tags?post=129347"}],"curies":[{"name":"wp","href":"https:\/\/api.w.org\/{rel}","templated":true}]}}