{"id":129359,"date":"2019-10-24T08:59:42","date_gmt":"2019-10-24T11:59:42","guid":{"rendered":"http:\/\/www.caririemacao.com\/1\/?p=129359"},"modified":"2019-10-24T08:59:42","modified_gmt":"2019-10-24T11:59:42","slug":"prefeitura-de-camalau-oferece-diversos-servicos-em-dia-de-acoes-alusivas-ao-outubro-rosa","status":"publish","type":"post","link":"https:\/\/www.caririemacao.com\/1\/2019\/10\/24\/prefeitura-de-camalau-oferece-diversos-servicos-em-dia-de-acoes-alusivas-ao-outubro-rosa\/","title":{"rendered":"Prefeitura de Camala\u00fa oferece diversos servi\u00e7os em dia de a\u00e7\u00f5es alusivas ao Outubro Rosa"},"content":{"rendered":"\n<figure class=\"wp-block-image\"><a href=\"https:\/\/1.bp.blogspot.com\/-_XYDfcvL7Mk\/XbF5j2FJOtI\/AAAAAAAAGyM\/WFjbJJnn-f4DzQ4BaMcahR1Oyws-KMzYgCLcBGAsYHQ\/s1600\/2.jpg\"><img decoding=\"async\" data-src=\"https:\/\/1.bp.blogspot.com\/-_XYDfcvL7Mk\/XbF5j2FJOtI\/AAAAAAAAGyM\/WFjbJJnn-f4DzQ4BaMcahR1Oyws-KMzYgCLcBGAsYHQ\/s400\/2.jpg\" alt=\"\" src=\"data:image\/svg+xml;base64,PHN2ZyB3aWR0aD0iMSIgaGVpZ2h0PSIxIiB4bWxucz0iaHR0cDovL3d3dy53My5vcmcvMjAwMC9zdmciPjwvc3ZnPg==\" class=\"lazyload\" \/><\/a><\/figure>\n\n\n\n<figure class=\"wp-block-image\"><a href=\"https:\/\/1.bp.blogspot.com\/-ZFbm6F_x2Gc\/XbF5j-DDn5I\/AAAAAAAAGyU\/QqX_I73lEZ4LTdMuqUU6FOAAHiLspc0fACLcBGAsYHQ\/s1600\/3.jpg\"><img decoding=\"async\" data-src=\"https:\/\/1.bp.blogspot.com\/-ZFbm6F_x2Gc\/XbF5j-DDn5I\/AAAAAAAAGyU\/QqX_I73lEZ4LTdMuqUU6FOAAHiLspc0fACLcBGAsYHQ\/s280\/3.jpg\" alt=\"\" src=\"data:image\/svg+xml;base64,PHN2ZyB3aWR0aD0iMSIgaGVpZ2h0PSIxIiB4bWxucz0iaHR0cDovL3d3dy53My5vcmcvMjAwMC9zdmciPjwvc3ZnPg==\" class=\"lazyload\" \/><\/a><\/figure>\n\n\n\n<p>A Prefeitura Municipal de Camala\u00fa atrav\u00e9s da Secretaria de Sa\u00fade promoveu nesta quarta feira, 23, para os cidad\u00e3os camalauenses e em especial \u00e0s mulheres, atividades alusivas ao Outubro Rosa.<br>Estas atividades foram realizadas&nbsp;&nbsp;na Unidade B\u00e1sica de Sa\u00fade \u2013 UBS, as 09:00 horas, com uma vasta programa\u00e7\u00e3o voltada para as mulheres.<br>Na programa\u00e7\u00e3o houve palestras educativas, realiza\u00e7\u00e3o de testes r\u00e1pidos, realiza\u00e7\u00e3o de exames citol\u00f3gicos, consultas m\u00e9dica e de enfermagem e a entrega de exames de mamografia.<br>\u201cA sa\u00fade como um todo e em especial neste m\u00eas a sa\u00fade da mulher, ser\u00e3o sempre prioridade de nosso governo. Por isso investimos bastante e n\u00e3o medimos esfor\u00e7os para oferecer momentos como este de forma constante \u00e0 nossa popula\u00e7\u00e3o\u201d, destacou o prefeito Sandro M\u00f4co.<\/p>\n","protected":false},"excerpt":{"rendered":"<p>A Prefeitura Municipal de Camala\u00fa atrav\u00e9s da Secretaria de Sa\u00fade promoveu nesta quarta feira, 23, para os cidad\u00e3os camalauenses e em especial \u00e0s mulheres, atividades&hellip; <\/p>\n","protected":false},"author":1,"featured_media":129362,"comment_status":"closed","ping_status":"closed","sticky":false,"template":"","format":"standard","meta":{"sfsi_plus_gutenberg_text_before_share":"","sfsi_plus_gutenberg_show_text_before_share":"","sfsi_plus_gutenberg_icon_type":"","sfsi_plus_gutenberg_icon_alignemt":"","sfsi_plus_gutenburg_max_per_row":"","footnotes":""},"categories":[2],"tags":[],"class_list":["post-129359","post","type-post","status-publish","format-standard","has-post-thumbnail","hentry","category-geral"],"_links":{"self":[{"href":"https:\/\/www.caririemacao.com\/1\/wp-json\/wp\/v2\/posts\/129359","targetHints":{"allow":["GET"]}}],"collection":[{"href":"https:\/\/www.caririemacao.com\/1\/wp-json\/wp\/v2\/posts"}],"about":[{"href":"https:\/\/www.caririemacao.com\/1\/wp-json\/wp\/v2\/types\/post"}],"author":[{"embeddable":true,"href":"https:\/\/www.caririemacao.com\/1\/wp-json\/wp\/v2\/users\/1"}],"replies":[{"embeddable":true,"href":"https:\/\/www.caririemacao.com\/1\/wp-json\/wp\/v2\/comments?post=129359"}],"version-history":[{"count":1,"href":"https:\/\/www.caririemacao.com\/1\/wp-json\/wp\/v2\/posts\/129359\/revisions"}],"predecessor-version":[{"id":129363,"href":"https:\/\/www.caririemacao.com\/1\/wp-json\/wp\/v2\/posts\/129359\/revisions\/129363"}],"wp:featuredmedia":[{"embeddable":true,"href":"https:\/\/www.caririemacao.com\/1\/wp-json\/wp\/v2\/media\/129362"}],"wp:attachment":[{"href":"https:\/\/www.caririemacao.com\/1\/wp-json\/wp\/v2\/media?parent=129359"}],"wp:term":[{"taxonomy":"category","embeddable":true,"href":"https:\/\/www.caririemacao.com\/1\/wp-json\/wp\/v2\/categories?post=129359"},{"taxonomy":"post_tag","embeddable":true,"href":"https:\/\/www.caririemacao.com\/1\/wp-json\/wp\/v2\/tags?post=129359"}],"curies":[{"name":"wp","href":"https:\/\/api.w.org\/{rel}","templated":true}]}}