{"id":129372,"date":"2019-10-24T10:25:44","date_gmt":"2019-10-24T13:25:44","guid":{"rendered":"http:\/\/www.caririemacao.com\/1\/?p=129372"},"modified":"2019-10-24T10:25:44","modified_gmt":"2019-10-24T13:25:44","slug":"governo-federal-destina-r-28-milhoes-para-os-tres-hospitais-universitarios-da-paraiba","status":"publish","type":"post","link":"https:\/\/www.caririemacao.com\/1\/2019\/10\/24\/governo-federal-destina-r-28-milhoes-para-os-tres-hospitais-universitarios-da-paraiba\/","title":{"rendered":"Governo Federal destina R$ 2,8 milh\u00f5es para os tr\u00eas hospitais universit\u00e1rios da Para\u00edba"},"content":{"rendered":"\n<p>A edi\u00e7\u00e3o desta quinta-feira (24) do Di\u00e1rio Oficial da Uni\u00e3o trouxe uma portaria do Minist\u00e9rio da Sa\u00fade estabelecendo a destina\u00e7\u00e3o de recursos para hospitais universit\u00e1rios. Para os tr\u00eas hospitais da Para\u00edba, o total de recursos que ser\u00e1 destinado \u00e9 R$ 2.829.229,27, de acordo com o que foi apurado pelo ClickPB\u202c.<\/p>\n\n\n\n<p>S\u00e3o tr\u00eas os hospitais universit\u00e1rios da Para\u00edba que receber\u00e3o os recursos: o Hospital Universit\u00e1rio Lauro Wanderley, em Jo\u00e3o Pessoa, o Hospital Universit\u00e1rio J\u00falio Bandeira, em Cajazeiras, e o Hospital Universit\u00e1rio Alcides Carneiro, em Campina Grande.<\/p>\n\n\n\n<p>A maior quantidade de recursos vai para o Hospital Universit\u00e1rio Lauro Wanderley, da UFPB em Jo\u00e3o Pessoa, com o total de R$ 1.451.028,29. J\u00e1 o Hospital Universit\u00e1rio Alcides Carneiro, da UFCG em Campina Grande, v\u00e3o R$ 1.378.200,98. O Hospital Universit\u00e1rio J\u00falio Bandeira, da UFCG em Cajazeiras, ser\u00e3o destinados R$ 712.000,57.<\/p>\n\n\n\n<p>A destina\u00e7\u00e3o de recursos ser\u00e1 feita dentro do que institui o Programa Nacional de Reestrutura\u00e7\u00e3o dos Hospitais Universit\u00e1rios Federais. A soma do montante de recursos para todos os hospitais universit\u00e1rios do Brasil chega a R$ 79.565.511,75.<\/p>\n\n\n\n<figure class=\"wp-block-image\"><img decoding=\"async\" data-src=\"https:\/\/www.clickpb.com.br\/media\/filer_public\/cc\/65\/cc6592de-4395-43aa-8cdd-964d4a70dd61\/recursos_-_hospitais_universitarios.png\" alt=\"\" src=\"data:image\/svg+xml;base64,PHN2ZyB3aWR0aD0iMSIgaGVpZ2h0PSIxIiB4bWxucz0iaHR0cDovL3d3dy53My5vcmcvMjAwMC9zdmciPjwvc3ZnPg==\" class=\"lazyload\" \/><\/figure>\n","protected":false},"excerpt":{"rendered":"<p>A edi\u00e7\u00e3o desta quinta-feira (24) do Di\u00e1rio Oficial da Uni\u00e3o trouxe uma portaria do Minist\u00e9rio da Sa\u00fade estabelecendo a destina\u00e7\u00e3o de recursos para hospitais universit\u00e1rios.&hellip; <\/p>\n","protected":false},"author":1,"featured_media":129374,"comment_status":"closed","ping_status":"closed","sticky":false,"template":"","format":"standard","meta":{"sfsi_plus_gutenberg_text_before_share":"","sfsi_plus_gutenberg_show_text_before_share":"","sfsi_plus_gutenberg_icon_type":"","sfsi_plus_gutenberg_icon_alignemt":"","sfsi_plus_gutenburg_max_per_row":"","footnotes":""},"categories":[11],"tags":[],"class_list":["post-129372","post","type-post","status-publish","format-standard","has-post-thumbnail","hentry","category-politica"],"_links":{"self":[{"href":"https:\/\/www.caririemacao.com\/1\/wp-json\/wp\/v2\/posts\/129372","targetHints":{"allow":["GET"]}}],"collection":[{"href":"https:\/\/www.caririemacao.com\/1\/wp-json\/wp\/v2\/posts"}],"about":[{"href":"https:\/\/www.caririemacao.com\/1\/wp-json\/wp\/v2\/types\/post"}],"author":[{"embeddable":true,"href":"https:\/\/www.caririemacao.com\/1\/wp-json\/wp\/v2\/users\/1"}],"replies":[{"embeddable":true,"href":"https:\/\/www.caririemacao.com\/1\/wp-json\/wp\/v2\/comments?post=129372"}],"version-history":[{"count":1,"href":"https:\/\/www.caririemacao.com\/1\/wp-json\/wp\/v2\/posts\/129372\/revisions"}],"predecessor-version":[{"id":129375,"href":"https:\/\/www.caririemacao.com\/1\/wp-json\/wp\/v2\/posts\/129372\/revisions\/129375"}],"wp:featuredmedia":[{"embeddable":true,"href":"https:\/\/www.caririemacao.com\/1\/wp-json\/wp\/v2\/media\/129374"}],"wp:attachment":[{"href":"https:\/\/www.caririemacao.com\/1\/wp-json\/wp\/v2\/media?parent=129372"}],"wp:term":[{"taxonomy":"category","embeddable":true,"href":"https:\/\/www.caririemacao.com\/1\/wp-json\/wp\/v2\/categories?post=129372"},{"taxonomy":"post_tag","embeddable":true,"href":"https:\/\/www.caririemacao.com\/1\/wp-json\/wp\/v2\/tags?post=129372"}],"curies":[{"name":"wp","href":"https:\/\/api.w.org\/{rel}","templated":true}]}}