{"id":129400,"date":"2019-10-24T10:31:04","date_gmt":"2019-10-24T13:31:04","guid":{"rendered":"http:\/\/www.caririemacao.com\/1\/?p=129400"},"modified":"2019-10-24T10:31:04","modified_gmt":"2019-10-24T13:31:04","slug":"morre-cantor-e-compositor-walter-franco-aos-74-anos","status":"publish","type":"post","link":"https:\/\/www.caririemacao.com\/1\/2019\/10\/24\/morre-cantor-e-compositor-walter-franco-aos-74-anos\/","title":{"rendered":"Morre cantor e compositor Walter Franco aos 74 anos"},"content":{"rendered":"\n<p>O cantor e compositor Walter Franco morreu na madrugada desta quinta-feira, 24, aos 74 anos, em S\u00e3o Paulo. Segundo a p\u00e1gina oficial do m\u00fasico, ele \u201cpartiu tranquilamente\u201d. H\u00e1 duas semanas, Franco foi v\u00edtima de um acidente vascular cerebral (AVC), revelou seu filho, Diogo Franco, nas redes sociais.<\/p>\n\n\n\n<p>Nascido em S\u00e3o Paulo, em 6 de janeiro de 1945, Walter Franco estudou artes c\u00eanicas na Escola de Artes Dram\u00e1ticas da Universidade de S\u00e3o Paulo (USP), onde iniciou a carreira de compositor, em m\u00fasicas para pe\u00e7as de teatro.<\/p>\n\n\n\n<p>Ganhou fama em festivais de m\u00fasica e viveu o auge de sua carreira entre as d\u00e9cadas de 70 e 80, per\u00edodo em que comp\u00f4s can\u00e7\u00f5es de sucesso como Cabe\u00e7a, Seja Feita a Vontade do Povo, Cora\u00e7\u00e3o Tranquilo, Respire Fundo e Vela Aberta.<\/p>\n\n\n\n<p>Sua obra foi regravada por artistas como Chico Buarque, Tit\u00e3s, Leila Pinheiro, Ira! e Camisa de V\u00eanus, e seu \u00faltimo \u00e1lbum lan\u00e7ado foi Tutano, em 2001.<\/p>\n\n\n\n<p>O vel\u00f3rio de Walter Franco acontecer\u00e1 nesta quinta, das 8h30 \u00e0s 19h na Funeral Home, no bairro da Bela Vista, na capital paulista.<\/p>\n","protected":false},"excerpt":{"rendered":"<p>O cantor e compositor Walter Franco morreu na madrugada desta quinta-feira, 24, aos 74 anos, em S\u00e3o Paulo. Segundo a p\u00e1gina oficial do m\u00fasico, ele&hellip; <\/p>\n","protected":false},"author":1,"featured_media":129401,"comment_status":"closed","ping_status":"closed","sticky":false,"template":"","format":"standard","meta":{"sfsi_plus_gutenberg_text_before_share":"","sfsi_plus_gutenberg_show_text_before_share":"","sfsi_plus_gutenberg_icon_type":"","sfsi_plus_gutenberg_icon_alignemt":"","sfsi_plus_gutenburg_max_per_row":"","footnotes":""},"categories":[2],"tags":[],"class_list":["post-129400","post","type-post","status-publish","format-standard","has-post-thumbnail","hentry","category-geral"],"_links":{"self":[{"href":"https:\/\/www.caririemacao.com\/1\/wp-json\/wp\/v2\/posts\/129400","targetHints":{"allow":["GET"]}}],"collection":[{"href":"https:\/\/www.caririemacao.com\/1\/wp-json\/wp\/v2\/posts"}],"about":[{"href":"https:\/\/www.caririemacao.com\/1\/wp-json\/wp\/v2\/types\/post"}],"author":[{"embeddable":true,"href":"https:\/\/www.caririemacao.com\/1\/wp-json\/wp\/v2\/users\/1"}],"replies":[{"embeddable":true,"href":"https:\/\/www.caririemacao.com\/1\/wp-json\/wp\/v2\/comments?post=129400"}],"version-history":[{"count":1,"href":"https:\/\/www.caririemacao.com\/1\/wp-json\/wp\/v2\/posts\/129400\/revisions"}],"predecessor-version":[{"id":129402,"href":"https:\/\/www.caririemacao.com\/1\/wp-json\/wp\/v2\/posts\/129400\/revisions\/129402"}],"wp:featuredmedia":[{"embeddable":true,"href":"https:\/\/www.caririemacao.com\/1\/wp-json\/wp\/v2\/media\/129401"}],"wp:attachment":[{"href":"https:\/\/www.caririemacao.com\/1\/wp-json\/wp\/v2\/media?parent=129400"}],"wp:term":[{"taxonomy":"category","embeddable":true,"href":"https:\/\/www.caririemacao.com\/1\/wp-json\/wp\/v2\/categories?post=129400"},{"taxonomy":"post_tag","embeddable":true,"href":"https:\/\/www.caririemacao.com\/1\/wp-json\/wp\/v2\/tags?post=129400"}],"curies":[{"name":"wp","href":"https:\/\/api.w.org\/{rel}","templated":true}]}}