{"id":129413,"date":"2019-10-24T10:34:01","date_gmt":"2019-10-24T13:34:01","guid":{"rendered":"http:\/\/www.caririemacao.com\/1\/?p=129413"},"modified":"2019-10-24T10:34:01","modified_gmt":"2019-10-24T13:34:01","slug":"tem-mais-de-500-cargos-la-cara-na-camara-e-no-senado-diz-queiroz-sobre-indicacoes-politicas-em-gabinetes-de-parlamentares","status":"publish","type":"post","link":"https:\/\/www.caririemacao.com\/1\/2019\/10\/24\/tem-mais-de-500-cargos-la-cara-na-camara-e-no-senado-diz-queiroz-sobre-indicacoes-politicas-em-gabinetes-de-parlamentares\/","title":{"rendered":"Tem mais de 500 cargos l\u00e1, cara, na C\u00e2mara e no Senado&#8217;, diz Queiroz sobre indica\u00e7\u00f5es pol\u00edticas em gabinetes de parlamentares"},"content":{"rendered":"\n<p>Oito meses depois de ser exonerado do gabinete de Fl\u00e1vio Bolsonaro na Assembleia Legislativa do Rio, o ex-policial Fabr\u00edcio Queiroz continua sendo consultado sobre nomea\u00e7\u00f5es no Legislativo e admite ainda ter &#8220;capital pol\u00edtico\u201d. O GLOBO obteve um \u00e1udio de WhatsApp, de junho deste ano, no qual o ex-assessor sugere a um interlocutor como proceder para fazer indica\u00e7\u00f5es pol\u00edticas em gabinetes de parlamentares.<\/p>\n\n\n\n<p>Procurado pelo GLOBO, Queiroz admitiu, por nota, que mant\u00e9m a influ\u00eancia por ter &#8220;contribu\u00eddo de forma significativa na campanha de diversos pol\u00edticos no Estado do Rio de Janeiro&#8221;. Por nota, Fl\u00e1vio Bolsonaro negou que tenha aceitado indica\u00e7\u00f5es do ex-assessor e que mantenha qualquer contato com ele desde o ano passado.<\/p>\n\n\n\n<p>Queiroz \u00e9 investigado pelo Minist\u00e9rio P\u00fablico do Rio por suposta pr\u00e1tica da rachadinha \u2014 quando os servidores comissionados devolvem parte dos sal\u00e1rios. Ele esteve no gabinete de Fl\u00e1vio na Assembleia Legislativa do Rio entre 2007 e 2018 e, no per\u00edodo, emplacou sete parentes na estrutura.<\/p>\n\n\n\n<p>Em conversa por \u00e1udio via WhatsApp do in\u00edcio de junho, Queiroz debate com um interlocutor a situa\u00e7\u00e3o de cargos que podiam ser usados por aliados no Congresso. No di\u00e1logo, ele sugere que as indica\u00e7\u00f5es poderiam ser feitas por meio de comiss\u00f5es ou em gabinetes de outros deputados e senadores, e n\u00e3o apenas em cargos vinculados \u00e0 fam\u00edlia Bolsonaro.<\/p>\n\n\n\n<p>\u2014 Tem mais de 500 cargos, cara, l\u00e1 na C\u00e2mara e no Senado. Pode indicar para qualquer comiss\u00e3o ou, alguma coisa, sem vincular a eles (fam\u00edlia Bolsonaro) em nada \u2014 diz Queiroz, no \u00e1udio, para depois complementar: \u2014 20 continho a\u00ed para gente ca\u00eda bem pra c**.<\/p>\n\n\n\n<p>Na conversa, Queiroz descreve o gabinete de Fl\u00e1vio no Senado como um lugar muito demandado por parlamentares. Em maio, em entrevista ao jornal O Estado de S. Paulo, Fl\u00e1vio alegou n\u00e3o saber o paradeiro de Queiroz e justificou:<\/p>\n\n\n\n<p>\u2014 Ele tem um CPF e eu outro \u2014 disse o filho do presidente.<\/p>\n\n\n\n<p>No \u00e1udio obtido pelo GLOBO, Queiroz demonstra conhecer o funcionamento do gabinete do senador e sugere que o interlocutor poderia procurar parlamentares que frequentam o local para tratar de nomea\u00e7\u00f5es.<\/p>\n\n\n\n<p>\u2014 O gabinete do Fl\u00e1vio faz fila de deputados e senadores, pessoal para conversar com ele, faz fila. S\u00f3 chegar l\u00e1 e nomeia fulano a\u00ed para trabalhar contigo a\u00ed, salariozinho bom desse a\u00ed para a gente que \u00e9 pai de fam\u00edlia, cai como uma uva \u2014 diz Queiroz, no \u00e1udio.<\/p>\n\n\n\n<p><strong>Nomea\u00e7\u00f5es na Alerj<\/strong><\/p>\n\n\n\n<p>Em depoimento, por escrito, entregue ao Minist\u00e9rio P\u00fablico do Rio em 28 de fevereiro deste ano, Queiroz disse que tinha uma fun\u00e7\u00e3o que \u201cse assemelhava a do chefe de gabinete\u201d e que \u201ctinha a possibilidade de nomear assessores\u201d. No entanto, segundo ele, atuava para \u201cgerenciar as quest\u00f5es relacionadas \u00e0 atua\u00e7\u00e3o dos assessores fora do gabinete do deputado\u201d. Por isso, os funcion\u00e1rios devolviam parte dos sal\u00e1rios para ele, o que permitiria supostas contrata\u00e7\u00f5es de pessoas que n\u00e3o atuavam na Alerj e sim na \u201cbase\u201d.<\/p>\n\n\n\n<p>Queiroz se comprometeu a entregar a lista desses funcion\u00e1rios, mas, at\u00e9 o momento, isso n\u00e3o ocorreu. Essas contrata\u00e7\u00f5es n\u00e3o seguem as regras da Assembleia. Como revelou o GLOBO em agosto, Queiroz conseguiu nomea\u00e7\u00f5es para sete parentes no gabinete de Fl\u00e1vio. Esse n\u00famero inclui a mulher, duas filhas, a enteada, uma ex-cunhada, entre outros familiares.<\/p>\n\n\n\n<p>Al\u00e9m disso, ele admitiu ser o respons\u00e1vel pelas contrata\u00e7\u00f5es de Danielle N\u00f3brega e Raimunda Veras Magalh\u00e3es no gabinete de Fl\u00e1vio Bolsonaro, quando este era deputado estadual. Elas s\u00e3o, respectivamente, ex-mulher e m\u00e3e do ex-capit\u00e3o do Bope Adriano Magalh\u00e3es da N\u00f3brega &#8211; investigado por ser o l\u00edder de uma mil\u00edcia que atuava na zona oeste do Rio. Danielle ficou nomeada ao longo de dez anos e foi exonerada junto com a ex-sogra em 13 de novembro de 2018. Queiroz Fl\u00e1vio Bolsonaro.<\/p>\n\n\n\n<p>Em 6 de dezembro do ano passado, conforme o GLOBO mostrou, Queiroz comunicou por Whatsapp a Danielle que ela fora exonerada do gabinete dias antes porque ambos passaram a ser alvo de uma investiga\u00e7\u00e3o. As apura\u00e7\u00f5es sobre rachadinha envolvendo o ent\u00e3o deputado estadual come\u00e7aram a partir de um relat\u00f3rio do Conselho de Controle de Atividades Financeiras (Coaf) que apontou movimenta\u00e7\u00f5es financeiras de R$1,2 milh\u00e3o entre janeiro de 2016 e janeiro de 2017.<\/p>\n\n\n\n<p>Dez dias depois da conversa, Queiroz foi para S\u00e3o Paulo iniciar um tratamento de c\u00e2ncer. Ele faltou a todas as convoca\u00e7\u00f5es do MP e prestou apenas um depoimento por escrito, em fevereiro, no qual admitiu que ficava com parte dos sal\u00e1rios dos servidores para supostamente efetuar outras contrata\u00e7\u00f5es. Depois disso, passou oito meses sem ser visto. Em agosto, a revista Veja divulgou fotos suas no Hospital Albert Einstein, onde faz o tratamento.<\/p>\n\n\n\n<p>Em abril, todos as pessoas que foram funcion\u00e1rios de Fl\u00e1vio na Alerj tiveram o sigilo quebrado em investiga\u00e7\u00e3o do MP do Rio.O caso, por\u00e9m, est\u00e1 atualmente suspenso ap\u00f3s decis\u00f5es dos ministros do STF Dias Toffoli e Gilmar Mendes e s\u00f3 ser\u00e1 retomado em novembro quando a Corte decidir\u00e1 sobre o compartilhamento de dados de \u00f3rg\u00e3os de fiscaliza\u00e7\u00e3o como a Receita e o Coaf com investigadores.<\/p>\n\n\n\n<p><strong>Transcri\u00e7\u00e3o do \u00e1udio de Fabr\u00edcio Queiroz<\/strong><\/p>\n\n\n\n<p>Tem mais de 500 cargos l\u00e1, cara, na C\u00e2mara e no Senado. Pode indicar para qualquer comiss\u00e3o ou, alguma coisa, sem vincular a eles (fam\u00edlia Bolsonaro) em nada, em nada.<\/p>\n\n\n\n<p>20 continho a\u00ed para gente ca\u00eda bem para c***, meu irm\u00e3o, entendeu?<\/p>\n\n\n\n<p>N\u00e3o precisa vincular ao nome. S\u00f3 chegar l\u00e1 e, p\u00f4 cara, o gabinete do Fl\u00e1vio faz fila de deputados e senadores, pessoal para conversar com ele, faz fila.<\/p>\n\n\n\n<p>S\u00f3 chegar l\u00e1 e, p\u00f4 meu irm\u00e3o, nomeia fulano a\u00ed para trabalhar contigo a\u00ed, salariozinho bom desse a\u00ed, cara, para a gente que \u00e9 pai de fam\u00edlia, cai como uma uva.<\/p>\n\n\n\n<p><strong>Nota de Fl\u00e1vio Bolsonaro<\/strong><\/p>\n\n\n\n<p>Por nota, o advogado Frederick Wassef que atua na defesa de Fl\u00e1vio Bolsonaro disse que &#8220;n\u00e3o \u00e9 verdade e n\u00e3o procede o que est\u00e1 sendo alegado na suposta grava\u00e7\u00e3o que n\u00e3o sei se \u00e9 Fabr\u00edcio Queiroz quem fala ou outra pessoa&#8221;. Al\u00e9m disso, segundo ele, &#8220;Fabricio Queiroz e Fl\u00e1vio Bolsonaro jamais se encontraram desde o ano passado. Nunca mais se viram ou se falaram. Jamais neste per\u00edodo, n\u00e3o existe, neste per\u00edodo, qualquer indica\u00e7\u00e3o de aproxima\u00e7\u00e3o ou trabalho de Fabricio Queiroz para Fl\u00e1vio&#8221;. Wassef diz que &#8220;a grava\u00e7\u00e3o deveria passar por per\u00edcia da Pol\u00edcia Federal para garantir sua autenticidade, a comprova\u00e7\u00e3o de que \u00e9 Fabr\u00edcio Queiroz e que n\u00e3o houve edi\u00e7\u00e3o ou retirada de contexto da referida grava\u00e7\u00e3o&#8221;.<br><\/p>\n\n\n\n<p><strong>Nota de Fabr\u00edcio Queiroz<\/strong><\/p>\n\n\n\n<p>Por nota, Fabr\u00edcio Queiroz disse que \u201cv\u00ea com naturalidade o fato dele ser uma pessoa que ainda detenha algum capital pol\u00edtico, uma vez que nunca cometeu qualquer crime, tendo contribu\u00eddo de forma significativa na campanha de diversos pol\u00edticos no Estado do Rio de Janeiro\u201d. Desse modo, \u201ca indica\u00e7\u00e3o de eventuais assessores n\u00e3o constitui qualquer il\u00edcito ou algo imoral, j\u00e1 que, repita -se, Fabr\u00edcio Queiroz jamais cometeu qualquer ato criminoso\u201d.<\/p>\n","protected":false},"excerpt":{"rendered":"<p>Oito meses depois de ser exonerado do gabinete de Fl\u00e1vio Bolsonaro na Assembleia Legislativa do Rio, o ex-policial Fabr\u00edcio Queiroz continua sendo consultado sobre nomea\u00e7\u00f5es&hellip; <\/p>\n","protected":false},"author":1,"featured_media":129415,"comment_status":"closed","ping_status":"closed","sticky":false,"template":"","format":"standard","meta":{"sfsi_plus_gutenberg_text_before_share":"","sfsi_plus_gutenberg_show_text_before_share":"","sfsi_plus_gutenberg_icon_type":"","sfsi_plus_gutenberg_icon_alignemt":"","sfsi_plus_gutenburg_max_per_row":"","footnotes":""},"categories":[11],"tags":[],"class_list":["post-129413","post","type-post","status-publish","format-standard","has-post-thumbnail","hentry","category-politica"],"_links":{"self":[{"href":"https:\/\/www.caririemacao.com\/1\/wp-json\/wp\/v2\/posts\/129413","targetHints":{"allow":["GET"]}}],"collection":[{"href":"https:\/\/www.caririemacao.com\/1\/wp-json\/wp\/v2\/posts"}],"about":[{"href":"https:\/\/www.caririemacao.com\/1\/wp-json\/wp\/v2\/types\/post"}],"author":[{"embeddable":true,"href":"https:\/\/www.caririemacao.com\/1\/wp-json\/wp\/v2\/users\/1"}],"replies":[{"embeddable":true,"href":"https:\/\/www.caririemacao.com\/1\/wp-json\/wp\/v2\/comments?post=129413"}],"version-history":[{"count":1,"href":"https:\/\/www.caririemacao.com\/1\/wp-json\/wp\/v2\/posts\/129413\/revisions"}],"predecessor-version":[{"id":129416,"href":"https:\/\/www.caririemacao.com\/1\/wp-json\/wp\/v2\/posts\/129413\/revisions\/129416"}],"wp:featuredmedia":[{"embeddable":true,"href":"https:\/\/www.caririemacao.com\/1\/wp-json\/wp\/v2\/media\/129415"}],"wp:attachment":[{"href":"https:\/\/www.caririemacao.com\/1\/wp-json\/wp\/v2\/media?parent=129413"}],"wp:term":[{"taxonomy":"category","embeddable":true,"href":"https:\/\/www.caririemacao.com\/1\/wp-json\/wp\/v2\/categories?post=129413"},{"taxonomy":"post_tag","embeddable":true,"href":"https:\/\/www.caririemacao.com\/1\/wp-json\/wp\/v2\/tags?post=129413"}],"curies":[{"name":"wp","href":"https:\/\/api.w.org\/{rel}","templated":true}]}}