{"id":129423,"date":"2019-10-24T10:37:20","date_gmt":"2019-10-24T13:37:20","guid":{"rendered":"http:\/\/www.caririemacao.com\/1\/?p=129423"},"modified":"2019-10-24T10:37:20","modified_gmt":"2019-10-24T13:37:20","slug":"estou-num-pais-capitalista-diz-bolsonaro-ao-chegar-a-pequim","status":"publish","type":"post","link":"https:\/\/www.caririemacao.com\/1\/2019\/10\/24\/estou-num-pais-capitalista-diz-bolsonaro-ao-chegar-a-pequim\/","title":{"rendered":"Estou num pa\u00eds capitalista&#8217;, diz Bolsonaro ao chegar a Pequim"},"content":{"rendered":"\n<p>O presidente Jair Bolsonaro (PSL) afirmou nesta quinta-feira (24) que o Brasil n\u00e3o vai se envolver na guerra comercial entre China e Estados Unidos.<br><\/p>\n\n\n\n<p>&#8220;N\u00e3o \u00e9 briga nossa&#8221;, afirmou. &#8220;Queremos nos inserir sem qualquer vi\u00e9s ideol\u00f3gico nas economias do mundo&#8221;.<\/p>\n\n\n\n<p>O coment\u00e1rio foi feito em sua chegada ao hotel onde ficar\u00e1 hospedado em Pequim para uma visita de dois dias ao gigante asi\u00e1tico.<\/p>\n\n\n\n<p>Ao ser questionado pelos rep\u00f3rteres se tinha algum constrangimento por se encontrar com o presidente chin\u00eas, Xi Jiping, que tamb\u00e9m \u00e9 secret\u00e1rio-geral do Partido Comunista, Bolsonaro disse que n\u00e3o.<\/p>\n\n\n\n<p>E acrescentou: &#8220;Estou num pa\u00eds capitalista&#8221;.&nbsp;<\/p>\n\n\n\n<p>No in\u00edcio deste m\u00eas, a China comemorou 70 anos da revolu\u00e7\u00e3o comunista, encabe\u00e7ada por Mao Ts\u00e9 Tung.<\/p>\n\n\n\n<p>As declara\u00e7\u00f5es representam uma mudan\u00e7a importante em rela\u00e7\u00e3o a ret\u00f3rica de campanha, quando o ent\u00e3o candidato chegou a visitar Taiwan. Ele afirmou na \u00e9poca que &#8220;a China n\u00e3o estava comprando no Brasil, mas comprando o Brasil&#8221;.<\/p>\n\n\n\n<p>Os coment\u00e1rios provocaram mal-estar no governo chin\u00eas, mas aos poucos as rela\u00e7\u00f5es foram se normalizando depois Bolsonaro tomou posse. Em maio, o vice-presidente Hamilton Mour\u00e3o visitou a China e ajudou a acalmar as autoridades locais.<\/p>\n\n\n\n<p>Um tema, no entanto, ainda parece sens\u00edvel: o papel da gigante de telecomunica\u00e7\u00f5es Huawei, que domina a tecnologia 5G. Os Estados Unidos t\u00eam feito press\u00e3o para que o Brasil n\u00e3o permita que a empresa chinesa participe de licita\u00e7\u00f5es no pa\u00eds.<\/p>\n\n\n\n<p>Quando perguntado se a Huawei \u00e9 bem-vinda para investir no Brasil, Bolsonaro foi vago: &#8220;por enquanto, fora do radar&#8221;.<\/p>\n\n\n\n<p>O l\u00edder brasileiro tamb\u00e9m pareceu satisfeito com a indiferen\u00e7a chinesa diante das queimadas da Amaz\u00f4nia. Durante as reuni\u00f5es pr\u00e9vias da ministra da Agricultura, Tereza Cristina, no pa\u00eds, o tema n\u00e3o apareceu.<\/p>\n\n\n\n<p>&#8220;A China est\u00e1 se mantendo equidistante nesse epis\u00f3dio e tenho certeza que se manter\u00e3o assim em respeito a nossa soberania&#8221;, disse Bolsonaro.<\/p>\n\n\n\n<p>O assunto preocupa especialmente os europeus, com quem o Mercosul fechou um acordo de livre com\u00e9rcio recentemente. Durante a visita ao Jap\u00e3o (primeira parada no tour pela \u00c1sia), Bolsonaro teve um encontro surpresa com o pr\u00edncipe Charles, da Gr\u00e3 Bretanha.&nbsp;&nbsp;<\/p>\n\n\n\n<p>Bolsonaro tamb\u00e9m comentou a crise nas elei\u00e7\u00f5es da Bol\u00edvia, onde Evo Morales foi reeleito para a presid\u00eancia em primeiro turno ap\u00f3s apura\u00e7\u00f5es pol\u00eamicas. &#8220;Existe uma press\u00e3o externa da OEA para que haja segundo turno. No meu entender, seria uma posi\u00e7\u00e3o equilibrada. Muita gente suspeita das elei\u00e7\u00f5es, mas n\u00e3o sei o governo voltar\u00e1 atr\u00e1s&#8221;.<\/p>\n\n\n\n<p>Durante a tarde desta quinta-feira (23), est\u00e1 previsto um passeio de Bolsonaro pela Grande Muralha da China para se adaptar ao fuso. Na sexta-feira (24), come\u00e7a a agenda oficial.<\/p>\n","protected":false},"excerpt":{"rendered":"<p>O presidente Jair Bolsonaro (PSL) afirmou nesta quinta-feira (24) que o Brasil n\u00e3o vai se envolver na guerra comercial entre China e Estados Unidos. &#8220;N\u00e3o&hellip; <\/p>\n","protected":false},"author":1,"featured_media":129425,"comment_status":"closed","ping_status":"closed","sticky":false,"template":"","format":"standard","meta":{"sfsi_plus_gutenberg_text_before_share":"","sfsi_plus_gutenberg_show_text_before_share":"","sfsi_plus_gutenberg_icon_type":"","sfsi_plus_gutenberg_icon_alignemt":"","sfsi_plus_gutenburg_max_per_row":"","footnotes":""},"categories":[11],"tags":[],"class_list":["post-129423","post","type-post","status-publish","format-standard","has-post-thumbnail","hentry","category-politica"],"_links":{"self":[{"href":"https:\/\/www.caririemacao.com\/1\/wp-json\/wp\/v2\/posts\/129423","targetHints":{"allow":["GET"]}}],"collection":[{"href":"https:\/\/www.caririemacao.com\/1\/wp-json\/wp\/v2\/posts"}],"about":[{"href":"https:\/\/www.caririemacao.com\/1\/wp-json\/wp\/v2\/types\/post"}],"author":[{"embeddable":true,"href":"https:\/\/www.caririemacao.com\/1\/wp-json\/wp\/v2\/users\/1"}],"replies":[{"embeddable":true,"href":"https:\/\/www.caririemacao.com\/1\/wp-json\/wp\/v2\/comments?post=129423"}],"version-history":[{"count":1,"href":"https:\/\/www.caririemacao.com\/1\/wp-json\/wp\/v2\/posts\/129423\/revisions"}],"predecessor-version":[{"id":129426,"href":"https:\/\/www.caririemacao.com\/1\/wp-json\/wp\/v2\/posts\/129423\/revisions\/129426"}],"wp:featuredmedia":[{"embeddable":true,"href":"https:\/\/www.caririemacao.com\/1\/wp-json\/wp\/v2\/media\/129425"}],"wp:attachment":[{"href":"https:\/\/www.caririemacao.com\/1\/wp-json\/wp\/v2\/media?parent=129423"}],"wp:term":[{"taxonomy":"category","embeddable":true,"href":"https:\/\/www.caririemacao.com\/1\/wp-json\/wp\/v2\/categories?post=129423"},{"taxonomy":"post_tag","embeddable":true,"href":"https:\/\/www.caririemacao.com\/1\/wp-json\/wp\/v2\/tags?post=129423"}],"curies":[{"name":"wp","href":"https:\/\/api.w.org\/{rel}","templated":true}]}}