{"id":129466,"date":"2019-10-24T10:55:25","date_gmt":"2019-10-24T13:55:25","guid":{"rendered":"http:\/\/www.caririemacao.com\/1\/?p=129466"},"modified":"2019-10-24T10:55:25","modified_gmt":"2019-10-24T13:55:25","slug":"prefeitura-de-sume-promove-discussoes-sobre-linha-de-credito-do-empreender-mulher","status":"publish","type":"post","link":"https:\/\/www.caririemacao.com\/1\/2019\/10\/24\/prefeitura-de-sume-promove-discussoes-sobre-linha-de-credito-do-empreender-mulher\/","title":{"rendered":"Prefeitura de Sum\u00e9 promove discuss\u00f5es sobre linha de cr\u00e9dito do Empreender Mulher"},"content":{"rendered":"\n<p>A Prefeitura Municipal de Sum\u00e9 realiza nesta quinta-feira (24) uma roda de di\u00e1logos com profissionais das secretarias estaduais da Mulher e do Empreender Para\u00edba sobre a linha de cr\u00e9dito Empreender Mulher. O evento, organizado pela Secretaria de Assist\u00eancia Social de Sum\u00e9, ser\u00e1 realizado na Secretaria de Educa\u00e7\u00e3o a partir das 9h.<\/p>\n\n\n\n<p>A atividade \u00e9 destinado somente a pessoas f\u00edsicas do g\u00eanero feminino moradoras de Sum\u00e9 que se encontrem em situa\u00e7\u00f5es de viol\u00eancia e\/ou vulnerabilidade social, com o objetivo de incentivar a gera\u00e7\u00e3o de ocupa\u00e7\u00e3o e renda.<\/p>\n\n\n\n<p>Em raz\u00e3o do objetivo da linha, as inscri\u00e7\u00f5es relacionadas a esta linha permanecer\u00e3o abertas de modo cont\u00ednuo e ininterrupto, ficando assegurada urg\u00eancia e prioridade na an\u00e1lise das concess\u00f5es, condicionadas exclusivamente \u00e0 disponibilidade t\u00e9cnica e operacional da Secretaria Executiva do Empreendedorismo.<\/p>\n\n\n\n<p>A linha de cr\u00e9dito possui vantagens em rela\u00e7\u00e3o a outras dispon\u00edveis no mercado como limites de valores: R$ 1.500,00 e R$ 15.000,00 respectivamente. A taxa de juros \u00e9 de 0,50% a.m, o parcelamento em at\u00e9 24 parcelas mensais fixas e uma car\u00eancia de 12 meses<\/p>\n","protected":false},"excerpt":{"rendered":"<p>A Prefeitura Municipal de Sum\u00e9 realiza nesta quinta-feira (24) uma roda de di\u00e1logos com profissionais das secretarias estaduais da Mulher e do Empreender Para\u00edba sobre&hellip; <\/p>\n","protected":false},"author":1,"featured_media":129467,"comment_status":"closed","ping_status":"closed","sticky":false,"template":"","format":"standard","meta":{"sfsi_plus_gutenberg_text_before_share":"","sfsi_plus_gutenberg_show_text_before_share":"","sfsi_plus_gutenberg_icon_type":"","sfsi_plus_gutenberg_icon_alignemt":"","sfsi_plus_gutenburg_max_per_row":"","footnotes":""},"categories":[2],"tags":[],"class_list":["post-129466","post","type-post","status-publish","format-standard","has-post-thumbnail","hentry","category-geral"],"_links":{"self":[{"href":"https:\/\/www.caririemacao.com\/1\/wp-json\/wp\/v2\/posts\/129466","targetHints":{"allow":["GET"]}}],"collection":[{"href":"https:\/\/www.caririemacao.com\/1\/wp-json\/wp\/v2\/posts"}],"about":[{"href":"https:\/\/www.caririemacao.com\/1\/wp-json\/wp\/v2\/types\/post"}],"author":[{"embeddable":true,"href":"https:\/\/www.caririemacao.com\/1\/wp-json\/wp\/v2\/users\/1"}],"replies":[{"embeddable":true,"href":"https:\/\/www.caririemacao.com\/1\/wp-json\/wp\/v2\/comments?post=129466"}],"version-history":[{"count":1,"href":"https:\/\/www.caririemacao.com\/1\/wp-json\/wp\/v2\/posts\/129466\/revisions"}],"predecessor-version":[{"id":129468,"href":"https:\/\/www.caririemacao.com\/1\/wp-json\/wp\/v2\/posts\/129466\/revisions\/129468"}],"wp:featuredmedia":[{"embeddable":true,"href":"https:\/\/www.caririemacao.com\/1\/wp-json\/wp\/v2\/media\/129467"}],"wp:attachment":[{"href":"https:\/\/www.caririemacao.com\/1\/wp-json\/wp\/v2\/media?parent=129466"}],"wp:term":[{"taxonomy":"category","embeddable":true,"href":"https:\/\/www.caririemacao.com\/1\/wp-json\/wp\/v2\/categories?post=129466"},{"taxonomy":"post_tag","embeddable":true,"href":"https:\/\/www.caririemacao.com\/1\/wp-json\/wp\/v2\/tags?post=129466"}],"curies":[{"name":"wp","href":"https:\/\/api.w.org\/{rel}","templated":true}]}}