{"id":129481,"date":"2019-10-24T10:57:51","date_gmt":"2019-10-24T13:57:51","guid":{"rendered":"http:\/\/www.caririemacao.com\/1\/?p=129481"},"modified":"2019-10-24T10:57:51","modified_gmt":"2019-10-24T13:57:51","slug":"homem-e-baleado-durante-assalto-na-cidade-de-monteiro","status":"publish","type":"post","link":"https:\/\/www.caririemacao.com\/1\/2019\/10\/24\/homem-e-baleado-durante-assalto-na-cidade-de-monteiro\/","title":{"rendered":"Homem \u00e9 baleado durante assalto na cidade de Monteiro"},"content":{"rendered":"\n<p>Um homem ficou ferido ap\u00f3s um assalto na noite desta quarta-feira (24), nas imedia\u00e7\u00f5es do portal de entrada da cidade de Monteiro, no Cariri paraibano.<\/p>\n\n\n\n<p>Conforme informa\u00e7\u00f5es, a v\u00edtima seguia em sua moto, quando foi abordada por indiv\u00edduos n\u00e3o identificados, que anunciaram o assalto. A v\u00edtima tentou fugir dos criminosos, quando foi atingida com um tiro nas costas.<\/p>\n\n\n\n<p>Os bandidos fugiram levando a motocicleta. A v\u00edtima foi socorrida para o Hospital Regional de Monteiro, e n\u00e3o corre risco de morte.<\/p>\n","protected":false},"excerpt":{"rendered":"<p>Um homem ficou ferido ap\u00f3s um assalto na noite desta quarta-feira (24), nas imedia\u00e7\u00f5es do portal de entrada da cidade de Monteiro, no Cariri paraibano.&hellip; <\/p>\n","protected":false},"author":1,"featured_media":105260,"comment_status":"closed","ping_status":"closed","sticky":false,"template":"","format":"standard","meta":{"sfsi_plus_gutenberg_text_before_share":"","sfsi_plus_gutenberg_show_text_before_share":"","sfsi_plus_gutenberg_icon_type":"","sfsi_plus_gutenberg_icon_alignemt":"","sfsi_plus_gutenburg_max_per_row":"","footnotes":""},"categories":[12],"tags":[],"class_list":["post-129481","post","type-post","status-publish","format-standard","has-post-thumbnail","hentry","category-policia"],"_links":{"self":[{"href":"https:\/\/www.caririemacao.com\/1\/wp-json\/wp\/v2\/posts\/129481","targetHints":{"allow":["GET"]}}],"collection":[{"href":"https:\/\/www.caririemacao.com\/1\/wp-json\/wp\/v2\/posts"}],"about":[{"href":"https:\/\/www.caririemacao.com\/1\/wp-json\/wp\/v2\/types\/post"}],"author":[{"embeddable":true,"href":"https:\/\/www.caririemacao.com\/1\/wp-json\/wp\/v2\/users\/1"}],"replies":[{"embeddable":true,"href":"https:\/\/www.caririemacao.com\/1\/wp-json\/wp\/v2\/comments?post=129481"}],"version-history":[{"count":1,"href":"https:\/\/www.caririemacao.com\/1\/wp-json\/wp\/v2\/posts\/129481\/revisions"}],"predecessor-version":[{"id":129483,"href":"https:\/\/www.caririemacao.com\/1\/wp-json\/wp\/v2\/posts\/129481\/revisions\/129483"}],"wp:featuredmedia":[{"embeddable":true,"href":"https:\/\/www.caririemacao.com\/1\/wp-json\/wp\/v2\/media\/105260"}],"wp:attachment":[{"href":"https:\/\/www.caririemacao.com\/1\/wp-json\/wp\/v2\/media?parent=129481"}],"wp:term":[{"taxonomy":"category","embeddable":true,"href":"https:\/\/www.caririemacao.com\/1\/wp-json\/wp\/v2\/categories?post=129481"},{"taxonomy":"post_tag","embeddable":true,"href":"https:\/\/www.caririemacao.com\/1\/wp-json\/wp\/v2\/tags?post=129481"}],"curies":[{"name":"wp","href":"https:\/\/api.w.org\/{rel}","templated":true}]}}