{"id":129501,"date":"2019-10-24T13:50:16","date_gmt":"2019-10-24T16:50:16","guid":{"rendered":"http:\/\/www.caririemacao.com\/1\/?p=129501"},"modified":"2019-10-24T13:50:16","modified_gmt":"2019-10-24T16:50:16","slug":"irma-de-efraim-filho-e-nomeada-pelo-governo-bolsonaro-para-a-ancine-apos-aprovacao-da-reforma-da-previdencia","status":"publish","type":"post","link":"https:\/\/www.caririemacao.com\/1\/2019\/10\/24\/irma-de-efraim-filho-e-nomeada-pelo-governo-bolsonaro-para-a-ancine-apos-aprovacao-da-reforma-da-previdencia\/","title":{"rendered":"Irm\u00e3 de Efraim Filho \u00e9 nomeada pelo governo Bolsonaro para a Ancine ap\u00f3s aprova\u00e7\u00e3o da Reforma da Previd\u00eancia"},"content":{"rendered":"\n<p>A irm\u00e3 do deputado federal Efraim Filho (DEM) foi nomeada para a Ancine (Ag\u00eancia Nacional de Cinema). Caroline Maria Ventura Morais \u00e9 bacharel em Artes C\u00eanicas &#8211; interpreta\u00e7\u00e3o teatral pelo Instituto de Artes, Departamento de Artes C\u00eanicas da Universidade de Bras\u00edlia e filha do ex-senador Efraim Morais.<\/p>\n\n\n\n<p>A nomea\u00e7\u00e3o acontece ap\u00f3s a aprova\u00e7\u00e3o da Reforma da Previd\u00eancia, no Congresso Nacional, que teve a articula\u00e7\u00e3o do presidente da C\u00e2mara, Rodrigo Maia (DEM), colega pr\u00f3ximo do paraibano Efraim Filho.<\/p>\n\n\n\n<p>A revela\u00e7\u00e3o foi feita pelo jornalista Ricardo Antunes, de Pernambuco.<\/p>\n","protected":false},"excerpt":{"rendered":"<p>A irm\u00e3 do deputado federal Efraim Filho (DEM) foi nomeada para a Ancine (Ag\u00eancia Nacional de Cinema). Caroline Maria Ventura Morais \u00e9 bacharel em Artes&hellip; <\/p>\n","protected":false},"author":1,"featured_media":129503,"comment_status":"closed","ping_status":"closed","sticky":false,"template":"","format":"standard","meta":{"sfsi_plus_gutenberg_text_before_share":"","sfsi_plus_gutenberg_show_text_before_share":"","sfsi_plus_gutenberg_icon_type":"","sfsi_plus_gutenberg_icon_alignemt":"","sfsi_plus_gutenburg_max_per_row":"","footnotes":""},"categories":[11],"tags":[],"class_list":["post-129501","post","type-post","status-publish","format-standard","has-post-thumbnail","hentry","category-politica"],"_links":{"self":[{"href":"https:\/\/www.caririemacao.com\/1\/wp-json\/wp\/v2\/posts\/129501","targetHints":{"allow":["GET"]}}],"collection":[{"href":"https:\/\/www.caririemacao.com\/1\/wp-json\/wp\/v2\/posts"}],"about":[{"href":"https:\/\/www.caririemacao.com\/1\/wp-json\/wp\/v2\/types\/post"}],"author":[{"embeddable":true,"href":"https:\/\/www.caririemacao.com\/1\/wp-json\/wp\/v2\/users\/1"}],"replies":[{"embeddable":true,"href":"https:\/\/www.caririemacao.com\/1\/wp-json\/wp\/v2\/comments?post=129501"}],"version-history":[{"count":1,"href":"https:\/\/www.caririemacao.com\/1\/wp-json\/wp\/v2\/posts\/129501\/revisions"}],"predecessor-version":[{"id":129504,"href":"https:\/\/www.caririemacao.com\/1\/wp-json\/wp\/v2\/posts\/129501\/revisions\/129504"}],"wp:featuredmedia":[{"embeddable":true,"href":"https:\/\/www.caririemacao.com\/1\/wp-json\/wp\/v2\/media\/129503"}],"wp:attachment":[{"href":"https:\/\/www.caririemacao.com\/1\/wp-json\/wp\/v2\/media?parent=129501"}],"wp:term":[{"taxonomy":"category","embeddable":true,"href":"https:\/\/www.caririemacao.com\/1\/wp-json\/wp\/v2\/categories?post=129501"},{"taxonomy":"post_tag","embeddable":true,"href":"https:\/\/www.caririemacao.com\/1\/wp-json\/wp\/v2\/tags?post=129501"}],"curies":[{"name":"wp","href":"https:\/\/api.w.org\/{rel}","templated":true}]}}