{"id":129523,"date":"2019-10-24T13:55:39","date_gmt":"2019-10-24T16:55:39","guid":{"rendered":"http:\/\/www.caririemacao.com\/1\/?p=129523"},"modified":"2019-10-24T13:55:39","modified_gmt":"2019-10-24T16:55:39","slug":"suspeito-de-agredir-mae-a-socos-e-preso-na-paraiba","status":"publish","type":"post","link":"https:\/\/www.caririemacao.com\/1\/2019\/10\/24\/suspeito-de-agredir-mae-a-socos-e-preso-na-paraiba\/","title":{"rendered":"Suspeito de agredir m\u00e3e a socos \u00e9 preso na Para\u00edba"},"content":{"rendered":"\n<p>Um homem foi preso, na noite desta quarta-feira (23), suspeito de agredir a socos a m\u00e3e, na cidade de Sousa, na Para\u00edba. De acordo com informa\u00e7\u00f5es, o suspeito, de 34 anos, chegou em casa com sinais de embriaguez e come\u00e7ou a quebrar os m\u00f3veis utilizando uma barra de ferro.&nbsp;<\/p>\n\n\n\n<p>Logo em seguida, passou a agredir a m\u00e3e a socos.&nbsp;<\/p>\n\n\n\n<p>A Pol\u00edcia Militar foi acionada e prendeu os suspeitos a delegacia distrital da cidade. Em seguida ele foi encaminhado ao pres\u00eddio regional de Sousa.&nbsp;<\/p>\n\n\n\n<p>O estado de sa\u00fade a mulher n\u00e3o foi divulgado.<\/p>\n","protected":false},"excerpt":{"rendered":"<p>Um homem foi preso, na noite desta quarta-feira (23), suspeito de agredir a socos a m\u00e3e, na cidade de Sousa, na Para\u00edba. De acordo com&hellip; <\/p>\n","protected":false},"author":1,"featured_media":105260,"comment_status":"closed","ping_status":"closed","sticky":false,"template":"","format":"standard","meta":{"sfsi_plus_gutenberg_text_before_share":"","sfsi_plus_gutenberg_show_text_before_share":"","sfsi_plus_gutenberg_icon_type":"","sfsi_plus_gutenberg_icon_alignemt":"","sfsi_plus_gutenburg_max_per_row":"","footnotes":""},"categories":[12],"tags":[],"class_list":["post-129523","post","type-post","status-publish","format-standard","has-post-thumbnail","hentry","category-policia"],"_links":{"self":[{"href":"https:\/\/www.caririemacao.com\/1\/wp-json\/wp\/v2\/posts\/129523","targetHints":{"allow":["GET"]}}],"collection":[{"href":"https:\/\/www.caririemacao.com\/1\/wp-json\/wp\/v2\/posts"}],"about":[{"href":"https:\/\/www.caririemacao.com\/1\/wp-json\/wp\/v2\/types\/post"}],"author":[{"embeddable":true,"href":"https:\/\/www.caririemacao.com\/1\/wp-json\/wp\/v2\/users\/1"}],"replies":[{"embeddable":true,"href":"https:\/\/www.caririemacao.com\/1\/wp-json\/wp\/v2\/comments?post=129523"}],"version-history":[{"count":1,"href":"https:\/\/www.caririemacao.com\/1\/wp-json\/wp\/v2\/posts\/129523\/revisions"}],"predecessor-version":[{"id":129525,"href":"https:\/\/www.caririemacao.com\/1\/wp-json\/wp\/v2\/posts\/129523\/revisions\/129525"}],"wp:featuredmedia":[{"embeddable":true,"href":"https:\/\/www.caririemacao.com\/1\/wp-json\/wp\/v2\/media\/105260"}],"wp:attachment":[{"href":"https:\/\/www.caririemacao.com\/1\/wp-json\/wp\/v2\/media?parent=129523"}],"wp:term":[{"taxonomy":"category","embeddable":true,"href":"https:\/\/www.caririemacao.com\/1\/wp-json\/wp\/v2\/categories?post=129523"},{"taxonomy":"post_tag","embeddable":true,"href":"https:\/\/www.caririemacao.com\/1\/wp-json\/wp\/v2\/tags?post=129523"}],"curies":[{"name":"wp","href":"https:\/\/api.w.org\/{rel}","templated":true}]}}