{"id":129567,"date":"2019-10-24T14:07:22","date_gmt":"2019-10-24T17:07:22","guid":{"rendered":"http:\/\/www.caririemacao.com\/1\/?p=129567"},"modified":"2019-10-24T14:07:22","modified_gmt":"2019-10-24T17:07:22","slug":"menina-de-14-anos-morre-apos-ganhar-bala-de-mulher-em-trem","status":"publish","type":"post","link":"https:\/\/www.caririemacao.com\/1\/2019\/10\/24\/menina-de-14-anos-morre-apos-ganhar-bala-de-mulher-em-trem\/","title":{"rendered":"Menina de 14 anos morre ap\u00f3s ganhar bala de mulher em trem"},"content":{"rendered":"\n<p>Uma menina de 14 anos morreu na UPA Jardim \u00cdris, em S\u00e3o Jo\u00e3o de Meriti, na Baixada Fluminense, ap\u00f3s se sentir mal na madrugada dessa quarta-feira (23). A adolescente Lorrana Madalena da Luz Manoel sofreu uma parada card\u00edaca e uma das linhas de investiga\u00e7\u00e3o \u00e9 que ela tenha sido envenenada ao ganhar uma bala de uma mulher no trem.<\/p>\n\n\n\n<p>De acordo com familiares, Lorrana chegou em casa sentindo fortes dores de cabe\u00e7a e disse ter aceitado o doce de uma mulher no vag\u00e3o onde estava. Pr\u00f3ximo da meia-noite, a dor se intensificou, ela teve crises de v\u00f4mito e foi levada \u00e0s pressas para a UPA do Jardim \u00cdris. A menina chegou a ir para a sala vermelha, mas n\u00e3o resistiu.<\/p>\n\n\n\n<p>A 64\u00aa DP (S\u00e3o Jo\u00e3o de Meriti) est\u00e1 investigando o caso. De acordo com o delegado Vinicius Domingos, ainda n\u00e3o h\u00e1 certeza de que houve realmente envenenamento, mas a suspeita n\u00e3o est\u00e1 descartada.<\/p>\n\n\n\n<p>\u2014 Ainda temos que aguardar o laudo de toxicologia para saber. Nesta quinta-feira, vamos mandar policiais na SuperVia para saber o hor\u00e1rio em que ela se deslocou e tamb\u00e9m pegar imagens das c\u00e2meras para saber o trajeto que ela fez \u2014 disse o delegado.<\/p>\n\n\n\n<p>Nas redes sociais, a como\u00e7\u00e3o com o caso j\u00e1 \u00e9 grande. A Escola Municipal Prof. Olga Teixeira de Oliveira, de Caxias, lamentou a morte da menina que cursava o 7\u00ba ano na escola. &#8220;Lorrana querida, sua lembran\u00e7a estar\u00e1 sempre nas mem\u00f3rias e nos cora\u00e7\u00f5es de seus amigos!&#8221;, diz um trecho da postagem.<\/p>\n","protected":false},"excerpt":{"rendered":"<p>Uma menina de 14 anos morreu na UPA Jardim \u00cdris, em S\u00e3o Jo\u00e3o de Meriti, na Baixada Fluminense, ap\u00f3s se sentir mal na madrugada dessa&hellip; <\/p>\n","protected":false},"author":1,"featured_media":129568,"comment_status":"closed","ping_status":"closed","sticky":false,"template":"","format":"standard","meta":{"sfsi_plus_gutenberg_text_before_share":"","sfsi_plus_gutenberg_show_text_before_share":"","sfsi_plus_gutenberg_icon_type":"","sfsi_plus_gutenberg_icon_alignemt":"","sfsi_plus_gutenburg_max_per_row":"","footnotes":""},"categories":[2],"tags":[],"class_list":["post-129567","post","type-post","status-publish","format-standard","has-post-thumbnail","hentry","category-geral"],"_links":{"self":[{"href":"https:\/\/www.caririemacao.com\/1\/wp-json\/wp\/v2\/posts\/129567","targetHints":{"allow":["GET"]}}],"collection":[{"href":"https:\/\/www.caririemacao.com\/1\/wp-json\/wp\/v2\/posts"}],"about":[{"href":"https:\/\/www.caririemacao.com\/1\/wp-json\/wp\/v2\/types\/post"}],"author":[{"embeddable":true,"href":"https:\/\/www.caririemacao.com\/1\/wp-json\/wp\/v2\/users\/1"}],"replies":[{"embeddable":true,"href":"https:\/\/www.caririemacao.com\/1\/wp-json\/wp\/v2\/comments?post=129567"}],"version-history":[{"count":1,"href":"https:\/\/www.caririemacao.com\/1\/wp-json\/wp\/v2\/posts\/129567\/revisions"}],"predecessor-version":[{"id":129569,"href":"https:\/\/www.caririemacao.com\/1\/wp-json\/wp\/v2\/posts\/129567\/revisions\/129569"}],"wp:featuredmedia":[{"embeddable":true,"href":"https:\/\/www.caririemacao.com\/1\/wp-json\/wp\/v2\/media\/129568"}],"wp:attachment":[{"href":"https:\/\/www.caririemacao.com\/1\/wp-json\/wp\/v2\/media?parent=129567"}],"wp:term":[{"taxonomy":"category","embeddable":true,"href":"https:\/\/www.caririemacao.com\/1\/wp-json\/wp\/v2\/categories?post=129567"},{"taxonomy":"post_tag","embeddable":true,"href":"https:\/\/www.caririemacao.com\/1\/wp-json\/wp\/v2\/tags?post=129567"}],"curies":[{"name":"wp","href":"https:\/\/api.w.org\/{rel}","templated":true}]}}