{"id":129582,"date":"2019-10-24T14:12:04","date_gmt":"2019-10-24T17:12:04","guid":{"rendered":"http:\/\/www.caririemacao.com\/1\/?p=129582"},"modified":"2019-10-24T14:12:04","modified_gmt":"2019-10-24T17:12:04","slug":"idosa-desmaia-ao-ganhar-aniversario-surpresa-e-canta-parabens-com-socorristas-do-samu","status":"publish","type":"post","link":"https:\/\/www.caririemacao.com\/1\/2019\/10\/24\/idosa-desmaia-ao-ganhar-aniversario-surpresa-e-canta-parabens-com-socorristas-do-samu\/","title":{"rendered":"Idosa desmaia ao ganhar anivers\u00e1rio surpresa e canta \u2018parab\u00e9ns\u2019 com socorristas do Samu"},"content":{"rendered":"\n<p>A idosa Francisca Maria Barros completou 63 anos nessa ter\u00e7a-feira (22) e ganhou uma festa surpresa. E a surpresa foi tanta que ela passou mal, desmaiou e precisou ser socorrida pelos profissionais do Servi\u00e7o de Atendimento M\u00f3vel de Urg\u00eancia de Parna\u00edba, litoral do Piau\u00ed. Felizmente, depois do susto, Francisca se recuperou e cantou parab\u00e9ns ao lado dos socorristas que a ajudaram.<br><\/p>\n\n\n\n<p>O enfermeiro Flaviano Arag\u00e3o, que h\u00e1 13 anos trabalha no Samu, atendeu ao chamado da fam\u00edlia de Francisca e disse que essa foi a primeira vez que cantou &#8220;parab\u00e9ns para voc\u00ea&#8221; em servi\u00e7o.&nbsp;<\/p>\n\n\n\n<p>\u201cEm 13 anos que trabalho no Samu, j\u00e1 tinha acontecido de tomar caf\u00e9, de algumas situa\u00e7\u00f5es diferentes, mas algo t\u00e3o inusitado assim, jamais. S\u00f3 sa\u00edmos de l\u00e1 depois de comer bolo\u201d, contou o enfermeiro ao G1.<\/p>\n\n\n\n<p>Clebiane Barros, filha de Francisca, disse que a m\u00e3e sofre de depress\u00e3o e a festa surpresa foi uma tentativa de anim\u00e1-la. Apesar do susto, a iniciativa valeu a pena.&nbsp;<\/p>\n\n\n\n<p>\u201cTodo mundo ficou muito preocupado na hora, ningu\u00e9m nem lembrou do bolo, j\u00e1 chamamos o Samu. Mas depois ela ficou bem, o pessoal do Samu foi muito prestativo, conseguiram animar minha m\u00e3e. Cantaram parab\u00e9ns junto com ela\u201d, disse a filha.<br>Francisca disse ao G1 que nunca tinha sentido uma emo\u00e7\u00e3o assim e que nem imaginava que iria ganhar uma festa surpresa.<\/p>\n\n\n\n<p>\u201cQuando vi aquilo tudo, n\u00e3o aguentei, foi emo\u00e7\u00e3o demais pra mim. Eu j\u00e1 estava fraca, acabei desmaiando. Mas agora estou bem melhor. Senti medo, n\u00e3o quero deixar meus filhos, mas agora est\u00e1 tudo bem\u201d, contou ela.<br>\u00c9 poss\u00edvel que a aniversariante tenha tido uma queda de press\u00e3o, mas quando os profissionais de sa\u00fade chegaram ao local ela j\u00e1 estava consciente e com os sinais vitais e taxas normalizadas.<br><\/p>\n\n\n\n<p>Francisca \u00e9 casada e tem tr\u00eas filhos, que organizaram a festa junto com os netos, genros, sobrinhos e irm\u00e3os. Todos estiveram presentes na festa, que contou ainda com os convidados inusitados: o motorista, o enfermeiro e a m\u00e9dica do Samu da cidade.<\/p>\n\n\n\n<p>\u201cEles quiseram fazer uma surpresa para ela e acabaram sendo surpreendidos. Apesar da situa\u00e7\u00e3o, acho que no fim foi ainda mais divertido do que tinham imaginado. Ficamos felizes de tudo ter acabado bem\u201d, disse o enfermeiro Flaviano.<\/p>\n","protected":false},"excerpt":{"rendered":"<p>A idosa Francisca Maria Barros completou 63 anos nessa ter\u00e7a-feira (22) e ganhou uma festa surpresa. E a surpresa foi tanta que ela passou mal,&hellip; <\/p>\n","protected":false},"author":1,"featured_media":129584,"comment_status":"closed","ping_status":"closed","sticky":false,"template":"","format":"standard","meta":{"sfsi_plus_gutenberg_text_before_share":"","sfsi_plus_gutenberg_show_text_before_share":"","sfsi_plus_gutenberg_icon_type":"","sfsi_plus_gutenberg_icon_alignemt":"","sfsi_plus_gutenburg_max_per_row":"","footnotes":""},"categories":[2],"tags":[],"class_list":["post-129582","post","type-post","status-publish","format-standard","has-post-thumbnail","hentry","category-geral"],"_links":{"self":[{"href":"https:\/\/www.caririemacao.com\/1\/wp-json\/wp\/v2\/posts\/129582","targetHints":{"allow":["GET"]}}],"collection":[{"href":"https:\/\/www.caririemacao.com\/1\/wp-json\/wp\/v2\/posts"}],"about":[{"href":"https:\/\/www.caririemacao.com\/1\/wp-json\/wp\/v2\/types\/post"}],"author":[{"embeddable":true,"href":"https:\/\/www.caririemacao.com\/1\/wp-json\/wp\/v2\/users\/1"}],"replies":[{"embeddable":true,"href":"https:\/\/www.caririemacao.com\/1\/wp-json\/wp\/v2\/comments?post=129582"}],"version-history":[{"count":1,"href":"https:\/\/www.caririemacao.com\/1\/wp-json\/wp\/v2\/posts\/129582\/revisions"}],"predecessor-version":[{"id":129585,"href":"https:\/\/www.caririemacao.com\/1\/wp-json\/wp\/v2\/posts\/129582\/revisions\/129585"}],"wp:featuredmedia":[{"embeddable":true,"href":"https:\/\/www.caririemacao.com\/1\/wp-json\/wp\/v2\/media\/129584"}],"wp:attachment":[{"href":"https:\/\/www.caririemacao.com\/1\/wp-json\/wp\/v2\/media?parent=129582"}],"wp:term":[{"taxonomy":"category","embeddable":true,"href":"https:\/\/www.caririemacao.com\/1\/wp-json\/wp\/v2\/categories?post=129582"},{"taxonomy":"post_tag","embeddable":true,"href":"https:\/\/www.caririemacao.com\/1\/wp-json\/wp\/v2\/tags?post=129582"}],"curies":[{"name":"wp","href":"https:\/\/api.w.org\/{rel}","templated":true}]}}