{"id":129598,"date":"2019-10-24T14:17:06","date_gmt":"2019-10-24T17:17:06","guid":{"rendered":"http:\/\/www.caririemacao.com\/1\/?p=129598"},"modified":"2019-10-24T14:17:06","modified_gmt":"2019-10-24T17:17:06","slug":"flamengo-garante-r-241-milhoes-apos-5-a-0-e-pode-totalizar-r-78-mi-com-titulo","status":"publish","type":"post","link":"https:\/\/www.caririemacao.com\/1\/2019\/10\/24\/flamengo-garante-r-241-milhoes-apos-5-a-0-e-pode-totalizar-r-78-mi-com-titulo\/","title":{"rendered":"Flamengo garante R$ 24,1 milh\u00f5es ap\u00f3s 5 a 0 e pode totalizar R$ 78 mi com t\u00edtulo"},"content":{"rendered":"\n<p>A goleada sobre o Gr\u00eamio e consequente classifica\u00e7\u00e3o \u00e0 final da Libertadores teve impacto direto nos j\u00e1 equilibrados cofres do Flamengo. E a situa\u00e7\u00e3o pode ficar ainda melhor caso o time rubro-negro conquiste a competi\u00e7\u00e3o pela segunda vez na hist\u00f3ria.<\/p>\n\n\n\n<p>Ao se credenciar para a decis\u00e3o, que ser\u00e1 no pr\u00f3ximo dia 23, contra o River Plate, da Argentina, em partida \u00fanica em Santiago, no Chile, o clube da G\u00e1vea conquistou uma premia\u00e7\u00e3o de seis milh\u00f5es de d\u00f3lares, cerca de R$ 24,1 milh\u00f5es na cota\u00e7\u00e3o atual. Se for campe\u00e3o, o valor dobrar\u00e1, totalizando 12 milh\u00f5es de d\u00f3lares, aproximadamente R$ 48,2 milh\u00f5es.<\/p>\n\n\n\n<p>Ao fim da campanha no torneio sul-americano, o Flamengo, ent\u00e3o, poder\u00e1 embolsar um total de R$ 78 milh\u00f5es. Isso, porque conquistou R$ 12 milh\u00f5es ao disputar a primeira fase da competi\u00e7\u00e3o, R$ 18 milh\u00f5es por estar nas oitavas de final, quartas de final e semifinal e, agora, tem a oportunidade de levar mais R$ 48 milh\u00f5es.<\/p>\n\n\n\n<p>Nesta temporada, a Conmebol ofereceu premia\u00e7\u00e3o recorde aos clubes participantes da Libertadores, dobrando o que foi ofertado no ano passado.<\/p>\n\n\n\n<p>At\u00e9 o momento, o \u00fanico t\u00f3pico do or\u00e7amento previsto do Flamengo para este ano que foi abaixo do esperado foi o da Copa do Brasil, em que o time acabou eliminado nas quartas de final para o Athletico-PR. No restante, foi campe\u00e3o do Campeonato Carioca, est\u00e1 na final da Libertadores e ocupa a primeira coloca\u00e7\u00e3o do Campeonato Brasileiro.<\/p>\n\n\n\n<p>O Flamengo volta a uma final de Libertadores depois de 38 anos. A \u00faltima vez que isso havia acontecido foi em 1981, quando a equipe encabe\u00e7ada por Zico conquistou a Am\u00e9rica do Sul e, posteriormente, o mundo.<\/p>\n","protected":false},"excerpt":{"rendered":"<p>A goleada sobre o Gr\u00eamio e consequente classifica\u00e7\u00e3o \u00e0 final da Libertadores teve impacto direto nos j\u00e1 equilibrados cofres do Flamengo. E a situa\u00e7\u00e3o pode&hellip; <\/p>\n","protected":false},"author":1,"featured_media":129600,"comment_status":"closed","ping_status":"closed","sticky":false,"template":"","format":"standard","meta":{"sfsi_plus_gutenberg_text_before_share":"","sfsi_plus_gutenberg_show_text_before_share":"","sfsi_plus_gutenberg_icon_type":"","sfsi_plus_gutenberg_icon_alignemt":"","sfsi_plus_gutenburg_max_per_row":"","footnotes":""},"categories":[13],"tags":[],"class_list":["post-129598","post","type-post","status-publish","format-standard","has-post-thumbnail","hentry","category-esportes"],"_links":{"self":[{"href":"https:\/\/www.caririemacao.com\/1\/wp-json\/wp\/v2\/posts\/129598","targetHints":{"allow":["GET"]}}],"collection":[{"href":"https:\/\/www.caririemacao.com\/1\/wp-json\/wp\/v2\/posts"}],"about":[{"href":"https:\/\/www.caririemacao.com\/1\/wp-json\/wp\/v2\/types\/post"}],"author":[{"embeddable":true,"href":"https:\/\/www.caririemacao.com\/1\/wp-json\/wp\/v2\/users\/1"}],"replies":[{"embeddable":true,"href":"https:\/\/www.caririemacao.com\/1\/wp-json\/wp\/v2\/comments?post=129598"}],"version-history":[{"count":1,"href":"https:\/\/www.caririemacao.com\/1\/wp-json\/wp\/v2\/posts\/129598\/revisions"}],"predecessor-version":[{"id":129601,"href":"https:\/\/www.caririemacao.com\/1\/wp-json\/wp\/v2\/posts\/129598\/revisions\/129601"}],"wp:featuredmedia":[{"embeddable":true,"href":"https:\/\/www.caririemacao.com\/1\/wp-json\/wp\/v2\/media\/129600"}],"wp:attachment":[{"href":"https:\/\/www.caririemacao.com\/1\/wp-json\/wp\/v2\/media?parent=129598"}],"wp:term":[{"taxonomy":"category","embeddable":true,"href":"https:\/\/www.caririemacao.com\/1\/wp-json\/wp\/v2\/categories?post=129598"},{"taxonomy":"post_tag","embeddable":true,"href":"https:\/\/www.caririemacao.com\/1\/wp-json\/wp\/v2\/tags?post=129598"}],"curies":[{"name":"wp","href":"https:\/\/api.w.org\/{rel}","templated":true}]}}