{"id":129629,"date":"2019-10-24T14:26:10","date_gmt":"2019-10-24T17:26:10","guid":{"rendered":"http:\/\/www.caririemacao.com\/1\/?p=129629"},"modified":"2019-10-24T14:26:10","modified_gmt":"2019-10-24T17:26:10","slug":"gastos-de-brasileiros-no-exterior-sobem-para-us-13-bi-diz-bc","status":"publish","type":"post","link":"https:\/\/www.caririemacao.com\/1\/2019\/10\/24\/gastos-de-brasileiros-no-exterior-sobem-para-us-13-bi-diz-bc\/","title":{"rendered":"Gastos de brasileiros no exterior sobem para US$ 1,3 bi, diz BC"},"content":{"rendered":"\n<p>Os gastos de brasileiros em viagem ao exterior chegaram a US$ 1,330 bilh\u00e3o em setembro. Esse foi o maior valor para o m\u00eas desde setembro de 2017, quando ficou em US$ 1,716 bilh\u00e3o. No mesmo m\u00eas de 2018, as despesas somaram US$ 1,189 bilh\u00e3o. Os dados foram divulgados hoje (24),&nbsp; em Bras\u00edlia, pelo Banco Central (BC).Segundo o chefe do Departamento de Estat\u00edsticas do BC, Fernando Rocha, o resultado de setembro interrompe uma trajet\u00f3ria de redu\u00e7\u00e3o das despesas em viagens registradas nos meses anteriores. \u201cMas isso n\u00e3o necessariamente indica uma tend\u00eancia\u201d, disse.Neste m\u00eas, at\u00e9 o \u00faltimo dia 22, esses gastos chegaram a US$ 1,038 bilh\u00e3o. Rocha ressaltou que, em nove meses do ano, esses gastos com viagens chegaram a US$ 13,344 bilh\u00f5es, valor inferior aos US$ 13,875 bilh\u00f5es, em igual per\u00edodo de 2018.As receitas de estrangeiros em viagem ao Brasil totalizaram US$ 391 milh\u00f5es no m\u00eas passado e US$ 4,529 bilh\u00f5es em nove meses, contra US$ 373 milh\u00f5es e US$ 4,513 bilh\u00f5es, respectivamente, nos mesmos per\u00edodos de 2018. Com isso, a conta de viagens, formada pelas despesas e as receitas, fechou setembro negativa em US$ 938 milh\u00f5es e nos nove meses do ano com d\u00e9ficit de US$ 8,814 bilh\u00f5es.<br>Contas externasAs viagens internacionais fazem parte da conta de servi\u00e7os das transa\u00e7\u00f5es correntes, que s\u00e3o compras e vendas de mercadorias e servi\u00e7os e transfer\u00eancias de renda do Brasil com outros pa\u00edses.<a href=\"http:\/\/agenciabrasil.ebc.com.br\/economia\/noticia\/2019-10\/contas-externas-tem-deficit-de-us-348-bilhoes-em-setembro\">Em setembro<\/a>, as transa\u00e7\u00f5es correntes ficaram deficit\u00e1rias em US$ 3,487 bilh\u00f5es e acumularam US$ US$ 34,055 bilh\u00f5es nos nove meses do ano, contra US$ 194 milh\u00f5es e US$ 18,566 bilh\u00f5es, respectivamente, em iguais per\u00edodos de 2018.De acordo com Rocha, o aumento do d\u00e9ficit em transa\u00e7\u00f5es correntes de US$ 3,3 bilh\u00f5es, em setembro deste ano, contra igual m\u00eas de 2018, \u00e9 explicado pelo menor super\u00e1vit comercial, que tamb\u00e9m faz parte das transa\u00e7\u00f5es correntes.Nesse per\u00edodo, explicou Rocha, o super\u00e1vit comercial se reduziu US$ 3 bilh\u00f5es. \u201cO restante [do aumento do d\u00e9ficit] \u00e9 explicado por servi\u00e7os e renda prim\u00e1ria\u201d, disse.Em outubro, o Banco Central espera por continuidade do aumento do d\u00e9f\u00edcit em transa\u00e7\u00f5es correntes, tamb\u00e9m por conta do menor super\u00e1vit comercial. A previs\u00e3o de resultado negativo do BC \u00e9 US$ 5,8 bilh\u00f5es, contra o d\u00e9ficit de US$ 540 milh\u00f5es em outubro de 2018.O BC tamb\u00e9m projeta que o investimento estrangeiro direto no pa\u00eds deve chegar a US$ 7,2 bilh\u00f5es. At\u00e9 o \u00faltimo dia 22, esses investimentos somaram US$ 5,727 bilh\u00f5es.Rocha disse ainda que a aprova\u00e7\u00e3o da reforma da Previd\u00eancia e o leil\u00e3o da cess\u00e3o onerosa s\u00e3o favor\u00e1veis para a entrada de investimentos estrangeiros no pa\u00eds. Segundo ele, com a reforma, fica \u201cmais perto do momento em que a d\u00edvida p\u00fablica vai se estabilizar\u201d, como resultado do crescimento em menor ritmo dos gastos do governo com a Previd\u00eancia.\u201cA reforma da Previd\u00eancia \u00e9 entendida como uma mudan\u00e7a na trajet\u00f3ria fiscal do pa\u00eds prevista para os pr\u00f3ximos anos. Com isso, vai ter uma perspectiva de situa\u00e7\u00e3o fiscal mais sob controle, o que \u00e9 favor\u00e1vel para investimentos estrangeiros\u201d, explicou.\u201cNo caso da cess\u00e3o onerosa, temos uma perspectiva de ingressos de investimentos estrangeiros significativos\u201d, afirmou.<\/p>\n","protected":false},"excerpt":{"rendered":"<p>Os gastos de brasileiros em viagem ao exterior chegaram a US$ 1,330 bilh\u00e3o em setembro. Esse foi o maior valor para o m\u00eas desde setembro&hellip; <\/p>\n","protected":false},"author":1,"featured_media":129631,"comment_status":"closed","ping_status":"closed","sticky":false,"template":"","format":"standard","meta":{"sfsi_plus_gutenberg_text_before_share":"","sfsi_plus_gutenberg_show_text_before_share":"","sfsi_plus_gutenberg_icon_type":"","sfsi_plus_gutenberg_icon_alignemt":"","sfsi_plus_gutenburg_max_per_row":"","footnotes":""},"categories":[2],"tags":[],"class_list":["post-129629","post","type-post","status-publish","format-standard","has-post-thumbnail","hentry","category-geral"],"_links":{"self":[{"href":"https:\/\/www.caririemacao.com\/1\/wp-json\/wp\/v2\/posts\/129629","targetHints":{"allow":["GET"]}}],"collection":[{"href":"https:\/\/www.caririemacao.com\/1\/wp-json\/wp\/v2\/posts"}],"about":[{"href":"https:\/\/www.caririemacao.com\/1\/wp-json\/wp\/v2\/types\/post"}],"author":[{"embeddable":true,"href":"https:\/\/www.caririemacao.com\/1\/wp-json\/wp\/v2\/users\/1"}],"replies":[{"embeddable":true,"href":"https:\/\/www.caririemacao.com\/1\/wp-json\/wp\/v2\/comments?post=129629"}],"version-history":[{"count":1,"href":"https:\/\/www.caririemacao.com\/1\/wp-json\/wp\/v2\/posts\/129629\/revisions"}],"predecessor-version":[{"id":129632,"href":"https:\/\/www.caririemacao.com\/1\/wp-json\/wp\/v2\/posts\/129629\/revisions\/129632"}],"wp:featuredmedia":[{"embeddable":true,"href":"https:\/\/www.caririemacao.com\/1\/wp-json\/wp\/v2\/media\/129631"}],"wp:attachment":[{"href":"https:\/\/www.caririemacao.com\/1\/wp-json\/wp\/v2\/media?parent=129629"}],"wp:term":[{"taxonomy":"category","embeddable":true,"href":"https:\/\/www.caririemacao.com\/1\/wp-json\/wp\/v2\/categories?post=129629"},{"taxonomy":"post_tag","embeddable":true,"href":"https:\/\/www.caririemacao.com\/1\/wp-json\/wp\/v2\/tags?post=129629"}],"curies":[{"name":"wp","href":"https:\/\/api.w.org\/{rel}","templated":true}]}}