{"id":129650,"date":"2019-10-24T14:54:50","date_gmt":"2019-10-24T17:54:50","guid":{"rendered":"http:\/\/www.caririemacao.com\/1\/?p=129650"},"modified":"2019-10-24T14:54:50","modified_gmt":"2019-10-24T17:54:50","slug":"queimacao-na-pele-nausea-e-colica-voluntarios-relatam-intoxicacao-apos-contato-com-oleo","status":"publish","type":"post","link":"https:\/\/www.caririemacao.com\/1\/2019\/10\/24\/queimacao-na-pele-nausea-e-colica-voluntarios-relatam-intoxicacao-apos-contato-com-oleo\/","title":{"rendered":"Queima\u00e7\u00e3o na pele, n\u00e1usea e c\u00f3lica: volunt\u00e1rios relatam intoxica\u00e7\u00e3o ap\u00f3s contato com \u00f3leo"},"content":{"rendered":"\n<p>Pessoas que ajudaram a remover o \u00f3leo encontrado nas praias de Pernambuco relataram ter sentido diversos sintomas ap\u00f3s o contato com a subst\u00e2ncia. Ao menos 17 foram socorridas a um hospital de S\u00e3o Jos\u00e9 da Coroa Grande, no Litoral Sul, relatando dor de cabe\u00e7a, enjoo, v\u00f4mitos, erup\u00e7\u00f5es e pontos vermelhos na pele. Em sete dias, foram recolhidas 958 toneladas de res\u00edduos nas praias do estado.<\/p>\n\n\n\n<p>Segundo Ant\u00f4nio Carlos Barbosa, funcion\u00e1rio p\u00fablico, os sintomas apareceram logo depois do contato com o \u00f3leo, na sexta-feira (18). Ele atuou na retirada da subst\u00e2ncia no Rio Persinunga, na divisa com Alagoas.<\/p>\n\n\n\n<p>\u201cMinha fam\u00edlia vive da pesca e turismo, por isso, fui ajudar. Senti, no mesmo dia, vermelhid\u00e3o e muita ard\u00eancia na pele, justamente nos bra\u00e7os, porque n\u00e3o usei luvas ou qualquer prote\u00e7\u00e3o. Fui ao hospital, tomei um antial\u00e9rgico e logo melhorei\u201d, relatou Ant\u00f4nio.<\/p>\n\n\n\n<p>O coordenador da Defesa Civil de S\u00e3o Jos\u00e9 da Coroa Grande, Ivan Aguiar, tamb\u00e9m sentiu os efeitos do contato com o \u00f3leo. Ele participou da opera\u00e7\u00e3o para retirada do \u00f3leo desde o primeiro dia e, no segundo, passou mal e precisou ser socorrido.<\/p>\n\n\n\n<p>\u201cNo come\u00e7o, tivemos que atuar sem equipamentos de prote\u00e7\u00e3o. Senti muitas c\u00f3licas abdominais e n\u00e1useas a ponto de ter que ir para o hospital. Na madrugada da sexta-feira (18), n\u00e3o aguentei e fui\u201d, disse Ivan.<\/p>\n\n\n\n<p>Depois da medica\u00e7\u00e3o na unidade hospitalar, relembrou o coordenador da Defesa Civil, os sintomas desapareceram. \u201cTomei antial\u00e9rgico e rem\u00e9dios para a c\u00f3lica. Depois da medica\u00e7\u00e3o, n\u00e3o voltei a sentir nada. Tamb\u00e9m passamos a utilizar os equipamentos de prote\u00e7\u00e3o\u201d, declarou.<\/p>\n\n\n\n<p>Presentes no petr\u00f3leo, os compostos benzeno, tolueno e xileno s\u00e3o extremamente perigosos a longo prazo, segundo especialista em recupera\u00e7\u00e3o de \u00e1reas atingidas pelo \u00f3leo. Al\u00e9m de alto potencial cancer\u00edgeno, a exposi\u00e7\u00e3o pode provocar doen\u00e7as no sistema nervoso central.<\/p>\n\n\n\n<p>Uma das volunt\u00e1rias atendidas em S\u00e3o Jos\u00e9 da Coroa Grande foi a servidora p\u00fablica municipal, Carla Accioly. Ela trabalhou como volunt\u00e1ria logo ap\u00f3s a chegada do \u00f3leo ao munic\u00edpio e, na quarta-feira (23), relatou que ainda tinha sintomas, mesmo ap\u00f3s ter sido atendida na semana anterior.<\/p>\n\n\n\n<p>&#8220;Estou h\u00e1 quase uma semana deste jeito, me sentindo mal. Estou com falta de ar. O cheiro \u00e9 muito forte&#8221;, afirmou, ao procurar novamente o hospital.<\/p>\n\n\n\n<p>Agente comunit\u00e1rio de sa\u00fade, Claudemir dos Santos Silva, de 31 anos, trabalhou ajudando as pessoas que estavam retirando o \u00f3leo da praia, na sexta-feira (18). Mesmo sem ter contato direto com o produto, disse que teve muita dor de cabe\u00e7a, enjoo forte, dor de garganta e sensa\u00e7\u00e3o de desmaio.<\/p>\n\n\n\n<p>\u201cMinha l\u00edngua ficou dormente e me deixou preocupado. E eu nem toquei no \u00f3leo s\u00f3 fui olhar os toneis, por curiosidade. Inalei aqueles gases\u201d, disse.<\/p>\n\n\n\n<p>Claudemir foi ao hospital apenas na quarta-feira (23). Ele explicou que demorou a procurar o servi\u00e7o de sa\u00fade por achar que os sintomas iriam passar logo. \u201cComo a gente trabalha em posto de sa\u00fade, acha que est\u00e1 tudo normal. Pedi rem\u00e9dio aos meus chefes e fique tomando. Como n\u00e3o passou, vim ao hospital agora\u201d, afirmou.<\/p>\n\n\n\n<p>Cerca de 60% dos volunt\u00e1rios atendidos no Hospital Osm\u00e1rio Omena de Oliveira, em S\u00e3o Jos\u00e9 da Coroa Grande, tiveram problemas na pele, segundo o diretor cl\u00ednico da unidade, Marcello Neves. \u201cNesse caso, as pessoas tiveram dermatite de contato, apresentando coceiras e feridas na pele, al\u00e9m de dor de cabe\u00e7a\u201d, explicou.<\/p>\n\n\n\n<p>Os outros 40% dos pacientes tiveram rea\u00e7\u00f5es por inalar os gases que saem do \u00f3leo, de acordo com o m\u00e9dico. \u201cEles tamb\u00e9m tiveram dor de cabe\u00e7a e apresentaram enjoos, que \u00e9 um sintoma diferente\u201d, declarou.<\/p>\n\n\n\n<p>Neves disse tamb\u00e9m que todos os pacientes foram tratados com medica\u00e7\u00f5es espec\u00edficas para cada caso. \u201cQuem chegou com as rea\u00e7\u00f5es cut\u00e2neas, tomou corticoides, por exemplo, e fez hidrata\u00e7\u00e3o\u201d, detalhou. A maioria dos atendimentos ocorreu no s\u00e1bado (19).<\/p>\n\n\n\n<p>Passado o atendimento emergencial, a rede municipal de sa\u00fade de S\u00e3o Jos\u00e9 deu in\u00edcio a uma segunda fase de acompanhamento desses pacientes. O m\u00e9dico Marcello Neves informou que \u00e9 preciso saber se houve subnotifica\u00e7\u00e3o de casos ou se algum paciente teve mais problemas de sa\u00fade.<\/p>\n\n\n\n<p>\u201cVamos fazer a busca ativa dessas pessoas para saber se eles tiveram mais rea\u00e7\u00f5es depois de voltar para casa e como est\u00e3o agora. Como S\u00e3o Jos\u00e9 \u00e9 uma cidade de menor porte, \u00e9 poss\u00edvel que algu\u00e9m tenha buscado ajuda em outros munic\u00edpios da regi\u00e3o\u201d, afirmou.<\/p>\n\n\n\n<p>A Secretaria Estadual de Sa\u00fade informou que foi notificada sobre 16 casos de intoxica\u00e7\u00e3o, sendo 15 em S\u00e3o Jos\u00e9 da Coroa Grande e um em Ipojuca, mas que alguns dos casos n\u00e3o est\u00e3o relacionados ao \u00f3leo, mas ao uso de solventes para retirada do produto, como querosene, gasolina, \u00e1lcool, acetona e tiner, que n\u00e3o devem ser utilizados por serem absorvidos e causar les\u00f5es na pele.<\/p>\n\n\n\n<p>Al\u00e9m de volunt\u00e1rios atendidos em Pernambuco, uma universit\u00e1ria cearense relatou ter ficado com manchas na pele ap\u00f3s ajudar no resgate de uma tartaruga, em Fortaleza. Segundo Adla Farah, de 27 anos, aluna do curso de medicina veterin\u00e1ria, ela deitou na areia logo depois de devolver o animal ao mar.<\/p>\n\n\n\n<p>&#8220;Come\u00e7ou a co\u00e7ar e n\u00e3o parava mais. Fiquei com o corpo todo &#8216;embolotado&#8217;, de alergia. Fui a dois m\u00e9dicos, tomei antial\u00e9rgico por dez dias. Suspeito que foi o petr\u00f3leo, pois n\u00e3o comi nada fora do normal, n\u00e3o fiz nada que n\u00e3o fa\u00e7o nos meus dias normais&#8221;, relatou.<\/p>\n\n\n\n<p>A universit\u00e1ria, que participou do resgate do animal em 26 de setembro, disse que permaneceu cerca de cinco dias com os sintomas. &#8220;N\u00e3o tem nenhum exame que possa comprovar [a causa da rea\u00e7\u00e3o]. \u00c9 tipo uma alergia, uma intoxica\u00e7\u00e3o&#8221;, afirmou.<\/p>\n\n\n\n<p>A Marinha do Brasil passou a alertar, nas redes sociais, para cuidados em rela\u00e7\u00e3o ao contato com res\u00edduos do \u00f3leo no litoral do Nordeste. Entre as recomenda\u00e7\u00f5es, est\u00e3o de n\u00e3o entrar em contato direto com a subst\u00e2ncia e evitar contato com \u00e1gua, areia e solo nas regi\u00f5es atendidas.<\/p>\n\n\n\n<p>Em caso de exposi\u00e7\u00e3o e surgimento de sintomas, a popula\u00e7\u00e3o pode acionar o Centro de Informa\u00e7\u00f5es Toxicol\u00f3gicas atrav\u00e9s do telefone 0800.722.6001. Al\u00e9m disso, a recomenda\u00e7\u00e3o \u00e9 procurar atendimento m\u00e9dico.<\/p>\n\n\n\n<p>Ao todo, foram atingidos 10 munic\u00edpios, desde o dia 17 de outubro, sendo que Itamarac\u00e1, no Litoral Norte, registrou as manchas nesta quinta-feira (24). O primeiro deles foi S\u00e3o Jos\u00e9 da Coroa Grande, que, na quarta-feira (23), teve o decreto de situa\u00e7\u00e3o de emerg\u00eancia reconhecido pelo governo federal.<\/p>\n\n\n\n<p>Em Jaboat\u00e3o, nesta quinta-feira (24), a prefeitura distribuiu panfletos para conscientizar \u00e0 popula\u00e7\u00e3o sobre como agir caso encontre manchas de \u00f3leo no litoral. No munic\u00edpio, a den\u00fancia da presen\u00e7a da subst\u00e2ncia na orla pode ser feita atrav\u00e9s dos telefones (81) 99975-5886 e 99291-3767.<\/p>\n\n\n\n<p>Na quarta-feira, representantes de 15 prefeituras se reuniram com o governo estadual para planejar a\u00e7\u00f5es de preven\u00e7\u00e3o e conten\u00e7\u00e3o do \u00f3leo. Mais cedo, o governador Paulo C\u00e2mara (PSB) anunciou um edital de R$ 2,5 milh\u00f5es para 12 projetos de pesquisa para analisar a toxicidade do petr\u00f3leo e seus efeitos na \u00e1gua, ecossistema e alimenta\u00e7\u00e3o (veja v\u00eddeo abaixo).<\/p>\n\n\n\n<p>Especialistas afirmam que o impacto do \u00f3leo no meio ambiente vai durar d\u00e9cadas, com preju\u00edzo para esp\u00e9cies marinhas, para toda a cadeia alimentar e para os seres humanos. Al\u00e9m do recobrimento de praias, arrecifes, mangues e solos rochosos, que s\u00e3o dif\u00edceis de serem limpos, os fragmentos se decomp\u00f5em e h\u00e1 mol\u00e9culas nocivas ao ecossistema e \u00e0 fauna.<\/p>\n\n\n\n<p>Desde a ter\u00e7a-feira (22), o Ex\u00e9rcito passou a trabalhar tamb\u00e9m na limpeza do litoral pernambucano, ap\u00f3s determina\u00e7\u00e3o do vice-presidente, Hamilton Mour\u00e3o (PRTB). At\u00e9 ent\u00e3o, volunt\u00e1rios estavam se deslocando at\u00e9 os locais afetados para fazer a limpeza.<\/p>\n\n\n\n<p>Na quarta, o governo federal anunciou que vai solicitar formalmente \u00e0 Organiza\u00e7\u00e3o dos Estados Americanos para que a Venezuela se manifeste oficialmente sobre o \u00f3leo.<\/p>\n","protected":false},"excerpt":{"rendered":"<p>Pessoas que ajudaram a remover o \u00f3leo encontrado nas praias de Pernambuco relataram ter sentido diversos sintomas ap\u00f3s o contato com a subst\u00e2ncia. Ao menos&hellip; <\/p>\n","protected":false},"author":1,"featured_media":129652,"comment_status":"closed","ping_status":"closed","sticky":false,"template":"","format":"standard","meta":{"sfsi_plus_gutenberg_text_before_share":"","sfsi_plus_gutenberg_show_text_before_share":"","sfsi_plus_gutenberg_icon_type":"","sfsi_plus_gutenberg_icon_alignemt":"","sfsi_plus_gutenburg_max_per_row":"","footnotes":""},"categories":[2],"tags":[],"class_list":["post-129650","post","type-post","status-publish","format-standard","has-post-thumbnail","hentry","category-geral"],"_links":{"self":[{"href":"https:\/\/www.caririemacao.com\/1\/wp-json\/wp\/v2\/posts\/129650","targetHints":{"allow":["GET"]}}],"collection":[{"href":"https:\/\/www.caririemacao.com\/1\/wp-json\/wp\/v2\/posts"}],"about":[{"href":"https:\/\/www.caririemacao.com\/1\/wp-json\/wp\/v2\/types\/post"}],"author":[{"embeddable":true,"href":"https:\/\/www.caririemacao.com\/1\/wp-json\/wp\/v2\/users\/1"}],"replies":[{"embeddable":true,"href":"https:\/\/www.caririemacao.com\/1\/wp-json\/wp\/v2\/comments?post=129650"}],"version-history":[{"count":1,"href":"https:\/\/www.caririemacao.com\/1\/wp-json\/wp\/v2\/posts\/129650\/revisions"}],"predecessor-version":[{"id":129653,"href":"https:\/\/www.caririemacao.com\/1\/wp-json\/wp\/v2\/posts\/129650\/revisions\/129653"}],"wp:featuredmedia":[{"embeddable":true,"href":"https:\/\/www.caririemacao.com\/1\/wp-json\/wp\/v2\/media\/129652"}],"wp:attachment":[{"href":"https:\/\/www.caririemacao.com\/1\/wp-json\/wp\/v2\/media?parent=129650"}],"wp:term":[{"taxonomy":"category","embeddable":true,"href":"https:\/\/www.caririemacao.com\/1\/wp-json\/wp\/v2\/categories?post=129650"},{"taxonomy":"post_tag","embeddable":true,"href":"https:\/\/www.caririemacao.com\/1\/wp-json\/wp\/v2\/tags?post=129650"}],"curies":[{"name":"wp","href":"https:\/\/api.w.org\/{rel}","templated":true}]}}