{"id":129665,"date":"2019-10-24T15:32:03","date_gmt":"2019-10-24T18:32:03","guid":{"rendered":"http:\/\/www.caririemacao.com\/1\/?p=129665"},"modified":"2019-10-24T15:32:03","modified_gmt":"2019-10-24T18:32:03","slug":"sergio-moro-menciona-trabalho-das-policias-da-paraiba-no-combate-ao-novo-cangaco","status":"publish","type":"post","link":"https:\/\/www.caririemacao.com\/1\/2019\/10\/24\/sergio-moro-menciona-trabalho-das-policias-da-paraiba-no-combate-ao-novo-cangaco\/","title":{"rendered":"S\u00e9rgio Moro menciona trabalho das pol\u00edcias da Para\u00edba no combate ao &#8216;novo canga\u00e7o&#8217;"},"content":{"rendered":"\n<p>O ministro da Justi\u00e7a, S\u00e9rgio Moro, mencionou o trabalho da Pol\u00edcia Civil e da Pol\u00edcia Militar da Para\u00edba na Opera\u00e7\u00e3o Ladinos, deflagrada nesta quinta-feira (24) para combater quadrilha de assaltos a bancos no Nordeste.<\/p>\n\n\n\n<p>&#8220;Mais uma quadrilha do &#8216;Novo Canga\u00e7o&#8217; desarticulada, grupo que aterrorizava pequenos munic\u00edpios no Nordeste. Trabalho conjunto da Pol\u00edcia Civil e Militar da Para\u00edba, Bombeiros Militares e da Pol\u00edcia Rodovi\u00e1ria Federal&#8221;, disse S\u00e9rgio Moro, no Twitter.<\/p>\n\n\n\n<figure class=\"wp-block-image\"><img decoding=\"async\" data-src=\"https:\/\/www.clickpb.com.br\/media\/filer_public\/32\/a1\/32a1fc2f-f649-4dab-ac8a-1d41eb12dc15\/sergio_moro_ministro_justica_twitter_operacao_ladinos_citacao_policias_paraiba.jpg\" alt=\"\" src=\"data:image\/svg+xml;base64,PHN2ZyB3aWR0aD0iMSIgaGVpZ2h0PSIxIiB4bWxucz0iaHR0cDovL3d3dy53My5vcmcvMjAwMC9zdmciPjwvc3ZnPg==\" class=\"lazyload\" \/><\/figure>\n","protected":false},"excerpt":{"rendered":"<p>O ministro da Justi\u00e7a, S\u00e9rgio Moro, mencionou o trabalho da Pol\u00edcia Civil e da Pol\u00edcia Militar da Para\u00edba na Opera\u00e7\u00e3o Ladinos, deflagrada nesta quinta-feira (24)&hellip; <\/p>\n","protected":false},"author":1,"featured_media":129667,"comment_status":"closed","ping_status":"closed","sticky":false,"template":"","format":"standard","meta":{"sfsi_plus_gutenberg_text_before_share":"","sfsi_plus_gutenberg_show_text_before_share":"","sfsi_plus_gutenberg_icon_type":"","sfsi_plus_gutenberg_icon_alignemt":"","sfsi_plus_gutenburg_max_per_row":"","footnotes":""},"categories":[11],"tags":[],"class_list":["post-129665","post","type-post","status-publish","format-standard","has-post-thumbnail","hentry","category-politica"],"_links":{"self":[{"href":"https:\/\/www.caririemacao.com\/1\/wp-json\/wp\/v2\/posts\/129665","targetHints":{"allow":["GET"]}}],"collection":[{"href":"https:\/\/www.caririemacao.com\/1\/wp-json\/wp\/v2\/posts"}],"about":[{"href":"https:\/\/www.caririemacao.com\/1\/wp-json\/wp\/v2\/types\/post"}],"author":[{"embeddable":true,"href":"https:\/\/www.caririemacao.com\/1\/wp-json\/wp\/v2\/users\/1"}],"replies":[{"embeddable":true,"href":"https:\/\/www.caririemacao.com\/1\/wp-json\/wp\/v2\/comments?post=129665"}],"version-history":[{"count":1,"href":"https:\/\/www.caririemacao.com\/1\/wp-json\/wp\/v2\/posts\/129665\/revisions"}],"predecessor-version":[{"id":129668,"href":"https:\/\/www.caririemacao.com\/1\/wp-json\/wp\/v2\/posts\/129665\/revisions\/129668"}],"wp:featuredmedia":[{"embeddable":true,"href":"https:\/\/www.caririemacao.com\/1\/wp-json\/wp\/v2\/media\/129667"}],"wp:attachment":[{"href":"https:\/\/www.caririemacao.com\/1\/wp-json\/wp\/v2\/media?parent=129665"}],"wp:term":[{"taxonomy":"category","embeddable":true,"href":"https:\/\/www.caririemacao.com\/1\/wp-json\/wp\/v2\/categories?post=129665"},{"taxonomy":"post_tag","embeddable":true,"href":"https:\/\/www.caririemacao.com\/1\/wp-json\/wp\/v2\/tags?post=129665"}],"curies":[{"name":"wp","href":"https:\/\/api.w.org\/{rel}","templated":true}]}}