{"id":129686,"date":"2019-10-24T23:35:23","date_gmt":"2019-10-25T02:35:23","guid":{"rendered":"http:\/\/www.caririemacao.com\/1\/?p=129686"},"modified":"2019-10-24T23:35:23","modified_gmt":"2019-10-25T02:35:23","slug":"incendio-atinge-area-de-mata-nativa-em-sao-sebastiao-do-umbuzeiro-nesta-quinta-24","status":"publish","type":"post","link":"https:\/\/www.caririemacao.com\/1\/2019\/10\/24\/incendio-atinge-area-de-mata-nativa-em-sao-sebastiao-do-umbuzeiro-nesta-quinta-24\/","title":{"rendered":"Inc\u00eandio atinge \u00e1rea de mata nativa em S\u00e3o Sebasti\u00e3o do Umbuzeiro nesta quinta (24)"},"content":{"rendered":"\n<p> Mais um inc\u00eandio \u00e9 registrado no Cariri Paraibano, dessa vez na cidade de\u00a0<strong>S\u00e3o Sebasti\u00e3o do Umbuzeiro<\/strong>, nas primeiras horas da manh\u00e3 desta quinta-feira (24) o princ\u00edpio de inc\u00eandio foi registrado na PB 264 nas proximidades do matadouro p\u00fablico da cidade que foi contido logo em seguida com o apoio de um caminh\u00e3o pipa.\u00a0<\/p>\n\n\n\n<p>No in\u00edcio da noite desta quinta-feira (24) o fogo reacendeu passando para o lado oposto da PB 264 queimando a mata nativa \u201cmanga\u201d.<\/p>\n\n\n\n<figure class=\"wp-block-image\"><a href=\"https:\/\/www.portaltvcariri.com.br\/incendio-atinge-area-de-mata-nativa-em-sao-sebastiao-do-umbuzeiro-nesta-quinta-24\/4541443d-0f13-4049-8c6c-2a4af058ea8a\/\"><img decoding=\"async\" data-src=\"https:\/\/www.portaltvcariri.com.br\/wp-content\/uploads\/2019\/10\/4541443d-0f13-4049-8c6c-2a4af058ea8a.jpg\" alt=\"4541443d-0f13-4049-8c6c-2a4af058ea8a\" class=\"wp-image-95748 lazyload\" src=\"data:image\/svg+xml;base64,PHN2ZyB3aWR0aD0iMSIgaGVpZ2h0PSIxIiB4bWxucz0iaHR0cDovL3d3dy53My5vcmcvMjAwMC9zdmciPjwvc3ZnPg==\" \/><\/a><\/figure>\n\n\n\n<p> Em contato com o prefeito da cidade Adriano Wolff, ele confirmou que uma equipe est\u00e1 monitorando o curso das chamas mais que j\u00e1 est\u00e3o sob controle, a \u00e1rea total afetada pelo fogo ainda \u00e9 desconhecida.\u00a0<\/p>\n\n\n\n<p>No Cariri esse \u00e9 o terceiro inc\u00eandio registrado em Outubro, sendo dois em Monteiro e um em S\u00e3o Sebasti\u00e3o do Umbuzeiro.<\/p>\n\n\n\n<p><\/p>\n","protected":false},"excerpt":{"rendered":"<p>Mais um inc\u00eandio \u00e9 registrado no Cariri Paraibano, dessa vez na cidade de\u00a0S\u00e3o Sebasti\u00e3o do Umbuzeiro, nas primeiras horas da manh\u00e3 desta quinta-feira (24) o&hellip; <\/p>\n","protected":false},"author":2,"featured_media":129687,"comment_status":"closed","ping_status":"closed","sticky":false,"template":"","format":"standard","meta":{"sfsi_plus_gutenberg_text_before_share":"","sfsi_plus_gutenberg_show_text_before_share":"","sfsi_plus_gutenberg_icon_type":"","sfsi_plus_gutenberg_icon_alignemt":"","sfsi_plus_gutenburg_max_per_row":"","footnotes":""},"categories":[50,2],"tags":[],"class_list":["post-129686","post","type-post","status-publish","format-standard","has-post-thumbnail","hentry","category-destaque","category-geral"],"_links":{"self":[{"href":"https:\/\/www.caririemacao.com\/1\/wp-json\/wp\/v2\/posts\/129686","targetHints":{"allow":["GET"]}}],"collection":[{"href":"https:\/\/www.caririemacao.com\/1\/wp-json\/wp\/v2\/posts"}],"about":[{"href":"https:\/\/www.caririemacao.com\/1\/wp-json\/wp\/v2\/types\/post"}],"author":[{"embeddable":true,"href":"https:\/\/www.caririemacao.com\/1\/wp-json\/wp\/v2\/users\/2"}],"replies":[{"embeddable":true,"href":"https:\/\/www.caririemacao.com\/1\/wp-json\/wp\/v2\/comments?post=129686"}],"version-history":[{"count":1,"href":"https:\/\/www.caririemacao.com\/1\/wp-json\/wp\/v2\/posts\/129686\/revisions"}],"predecessor-version":[{"id":129688,"href":"https:\/\/www.caririemacao.com\/1\/wp-json\/wp\/v2\/posts\/129686\/revisions\/129688"}],"wp:featuredmedia":[{"embeddable":true,"href":"https:\/\/www.caririemacao.com\/1\/wp-json\/wp\/v2\/media\/129687"}],"wp:attachment":[{"href":"https:\/\/www.caririemacao.com\/1\/wp-json\/wp\/v2\/media?parent=129686"}],"wp:term":[{"taxonomy":"category","embeddable":true,"href":"https:\/\/www.caririemacao.com\/1\/wp-json\/wp\/v2\/categories?post=129686"},{"taxonomy":"post_tag","embeddable":true,"href":"https:\/\/www.caririemacao.com\/1\/wp-json\/wp\/v2\/tags?post=129686"}],"curies":[{"name":"wp","href":"https:\/\/api.w.org\/{rel}","templated":true}]}}