{"id":129689,"date":"2019-10-25T06:00:13","date_gmt":"2019-10-25T09:00:13","guid":{"rendered":"http:\/\/www.caririemacao.com\/1\/?p=129689"},"modified":"2019-10-25T06:00:13","modified_gmt":"2019-10-25T09:00:13","slug":"cariri-em-acao-inicia-pesquisa-do-premio-referencia-2019-em-25-cidades-da-paraiba-e-pernambuco","status":"publish","type":"post","link":"https:\/\/www.caririemacao.com\/1\/2019\/10\/25\/cariri-em-acao-inicia-pesquisa-do-premio-referencia-2019-em-25-cidades-da-paraiba-e-pernambuco\/","title":{"rendered":"Cariri em A\u00e7\u00e3o inicia pesquisa do Pr\u00eamio Refer\u00eancia 2019 em 25 cidades da Para\u00edba e Pernambuco"},"content":{"rendered":"\n<p>A 7\u00aa Edi\u00e7\u00e3o, o Pr\u00eamio Refer\u00eancia, realizado pelo Portal de Not\u00edcias Cariri em A\u00e7\u00e3o, j\u00e1 est\u00e1 sendo realizada. Nesta primeira etapa, est\u00e3o sendo feitas as pesquisas in loco em 25 cidades da Para\u00edba e Pernambuco.<\/p>\n\n\n\n<figure class=\"wp-block-image\"><img fetchpriority=\"high\" decoding=\"async\" width=\"1024\" height=\"682\" src=\"http:\/\/www.caririemacao.com\/1\/wp-content\/uploads\/2019\/10\/DSC_0070-1024x682.jpg\" alt=\"\" class=\"wp-image-129690\" srcset=\"https:\/\/www.caririemacao.com\/1\/wp-content\/uploads\/2019\/10\/DSC_0070-1024x682.jpg 1024w, https:\/\/www.caririemacao.com\/1\/wp-content\/uploads\/2019\/10\/DSC_0070-300x200.jpg 300w, https:\/\/www.caririemacao.com\/1\/wp-content\/uploads\/2019\/10\/DSC_0070-768x512.jpg 768w, https:\/\/www.caririemacao.com\/1\/wp-content\/uploads\/2019\/10\/DSC_0070.jpg 1280w\" sizes=\"(max-width: 1024px) 100vw, 1024px\" \/><\/figure>\n\n\n\n<p>Das cidades que participar\u00e3o da premia\u00e7\u00e3o, as equipes de Pesquisadores j\u00e1 estiveram em 09 cidades, sendo que as cidades de Monteiro e Sum\u00e9 j\u00e1 foram iniciadas as pesquisas, mas ainda faltam serem conclu\u00eddas.<\/p>\n\n\n\n<figure class=\"wp-block-image\"><img decoding=\"async\" width=\"1024\" height=\"768\" data-src=\"http:\/\/www.caririemacao.com\/1\/wp-content\/uploads\/2019\/10\/WhatsApp-Image-2019-10-24-at-10.36.43-1024x768.jpeg\" alt=\"\" class=\"wp-image-129692 lazyload\" data-srcset=\"https:\/\/www.caririemacao.com\/1\/wp-content\/uploads\/2019\/10\/WhatsApp-Image-2019-10-24-at-10.36.43-1024x768.jpeg 1024w, https:\/\/www.caririemacao.com\/1\/wp-content\/uploads\/2019\/10\/WhatsApp-Image-2019-10-24-at-10.36.43-300x225.jpeg 300w, https:\/\/www.caririemacao.com\/1\/wp-content\/uploads\/2019\/10\/WhatsApp-Image-2019-10-24-at-10.36.43-768x576.jpeg 768w, https:\/\/www.caririemacao.com\/1\/wp-content\/uploads\/2019\/10\/WhatsApp-Image-2019-10-24-at-10.36.43.jpeg 1032w\" data-sizes=\"(max-width: 1024px) 100vw, 1024px\" src=\"data:image\/svg+xml;base64,PHN2ZyB3aWR0aD0iMSIgaGVpZ2h0PSIxIiB4bWxucz0iaHR0cDovL3d3dy53My5vcmcvMjAwMC9zdmciPjwvc3ZnPg==\" style=\"--smush-placeholder-width: 1024px; --smush-placeholder-aspect-ratio: 1024\/768;\" \/><\/figure>\n\n\n\n<p>Nesta sexta-feira, dia 25, os pesquisadores estar\u00e3o nas cidades de Coxixola, Amparo, Prata, Ouro Velho, Tuparetama e em Monteiro. J\u00e1 neste s\u00e1bado, dia 26, estar\u00e3o sendo pesquisadas as cidades de S\u00e3o Jos\u00e9 do Egito e Monteiro (concluindo). S\u00e3o 14 pesquisadores divididos nestas cidades. <\/p>\n\n\n\n<figure class=\"wp-block-image\"><img decoding=\"async\" width=\"1024\" height=\"682\" data-src=\"http:\/\/www.caririemacao.com\/1\/wp-content\/uploads\/2019\/10\/ALBUM-02-HORIZONTAL-41-1024x682.jpg\" alt=\"\" class=\"wp-image-129693 lazyload\" data-srcset=\"https:\/\/www.caririemacao.com\/1\/wp-content\/uploads\/2019\/10\/ALBUM-02-HORIZONTAL-41-1024x682.jpg 1024w, https:\/\/www.caririemacao.com\/1\/wp-content\/uploads\/2019\/10\/ALBUM-02-HORIZONTAL-41-300x200.jpg 300w, https:\/\/www.caririemacao.com\/1\/wp-content\/uploads\/2019\/10\/ALBUM-02-HORIZONTAL-41-768x512.jpg 768w, https:\/\/www.caririemacao.com\/1\/wp-content\/uploads\/2019\/10\/ALBUM-02-HORIZONTAL-41.jpg 1280w\" data-sizes=\"(max-width: 1024px) 100vw, 1024px\" src=\"data:image\/svg+xml;base64,PHN2ZyB3aWR0aD0iMSIgaGVpZ2h0PSIxIiB4bWxucz0iaHR0cDovL3d3dy53My5vcmcvMjAwMC9zdmciPjwvc3ZnPg==\" style=\"--smush-placeholder-width: 1024px; --smush-placeholder-aspect-ratio: 1024\/682;\" \/><\/figure>\n\n\n\n<p>O pr\u00eamio \u00e9 o resultado de\npesquisas realizadas pelas equipes do Cariri em A\u00e7\u00e3o que v\u00e3o as cidades aplicar\nquestion\u00e1rios, buscando identificar as refer\u00eancias de 25 cidades da regi\u00e3o\n(Para\u00edba e Pernambuco). As pesquisas foram iniciadas no \u00faltimo s\u00e1bado, dia 19\nde outubro. <\/p>\n\n\n\n<p>Os resultados ser\u00e3o\ndivulgados no dia 08 de novembro, \u00e0s 19h, ao vivo na p\u00e1gina do Cariri em A\u00e7\u00e3o,\ndireto do espa\u00e7o de Irlan Festdecor, na cidade de Monteiro\/PB.<\/p>\n\n\n\n<p>A maior premia\u00e7\u00e3o da regi\u00e3o\nser\u00e1 promovida dia 07 de dezembro, em Monteiro, e homenagear\u00e1 empresas,\nprofissionais, ve\u00edculos de imprensa da regi\u00e3o, agentes p\u00fablicos, entidades e\nv\u00e1rios outros segmentos da sociedade.<\/p>\n","protected":false},"excerpt":{"rendered":"<p>A 7\u00aa Edi\u00e7\u00e3o, o Pr\u00eamio Refer\u00eancia, realizado pelo Portal de Not\u00edcias Cariri em A\u00e7\u00e3o, j\u00e1 est\u00e1 sendo realizada. Nesta primeira etapa, est\u00e3o sendo feitas as&hellip; <\/p>\n","protected":false},"author":2,"featured_media":129691,"comment_status":"closed","ping_status":"closed","sticky":false,"template":"","format":"standard","meta":{"sfsi_plus_gutenberg_text_before_share":"","sfsi_plus_gutenberg_show_text_before_share":"","sfsi_plus_gutenberg_icon_type":"","sfsi_plus_gutenberg_icon_alignemt":"","sfsi_plus_gutenburg_max_per_row":"","footnotes":""},"categories":[50,2],"tags":[],"class_list":["post-129689","post","type-post","status-publish","format-standard","has-post-thumbnail","hentry","category-destaque","category-geral"],"_links":{"self":[{"href":"https:\/\/www.caririemacao.com\/1\/wp-json\/wp\/v2\/posts\/129689","targetHints":{"allow":["GET"]}}],"collection":[{"href":"https:\/\/www.caririemacao.com\/1\/wp-json\/wp\/v2\/posts"}],"about":[{"href":"https:\/\/www.caririemacao.com\/1\/wp-json\/wp\/v2\/types\/post"}],"author":[{"embeddable":true,"href":"https:\/\/www.caririemacao.com\/1\/wp-json\/wp\/v2\/users\/2"}],"replies":[{"embeddable":true,"href":"https:\/\/www.caririemacao.com\/1\/wp-json\/wp\/v2\/comments?post=129689"}],"version-history":[{"count":1,"href":"https:\/\/www.caririemacao.com\/1\/wp-json\/wp\/v2\/posts\/129689\/revisions"}],"predecessor-version":[{"id":129694,"href":"https:\/\/www.caririemacao.com\/1\/wp-json\/wp\/v2\/posts\/129689\/revisions\/129694"}],"wp:featuredmedia":[{"embeddable":true,"href":"https:\/\/www.caririemacao.com\/1\/wp-json\/wp\/v2\/media\/129691"}],"wp:attachment":[{"href":"https:\/\/www.caririemacao.com\/1\/wp-json\/wp\/v2\/media?parent=129689"}],"wp:term":[{"taxonomy":"category","embeddable":true,"href":"https:\/\/www.caririemacao.com\/1\/wp-json\/wp\/v2\/categories?post=129689"},{"taxonomy":"post_tag","embeddable":true,"href":"https:\/\/www.caririemacao.com\/1\/wp-json\/wp\/v2\/tags?post=129689"}],"curies":[{"name":"wp","href":"https:\/\/api.w.org\/{rel}","templated":true}]}}