{"id":129695,"date":"2019-10-25T08:23:46","date_gmt":"2019-10-25T11:23:46","guid":{"rendered":"http:\/\/www.caririemacao.com\/1\/?p=129695"},"modified":"2019-10-25T08:23:46","modified_gmt":"2019-10-25T11:23:46","slug":"homem-e-assassinado-a-tiros-em-catole-do-rocha","status":"publish","type":"post","link":"https:\/\/www.caririemacao.com\/1\/2019\/10\/25\/homem-e-assassinado-a-tiros-em-catole-do-rocha\/","title":{"rendered":"Homem \u00e9 assassinado a tiros em Catol\u00e9 do Rocha"},"content":{"rendered":"\n<p>Um homem foi assassinado a tiros, na manh\u00e3 desta sexta-feira (25), no bairro S\u00e3o Paulo, em Catol\u00e9 do Rocha, na Para\u00edba.&nbsp; A v\u00edtima foi identificada como Marquinhos.&nbsp;<\/p>\n\n\n\n<p>A Pol\u00edcia foi acionada, por\u00e9m a causa e quem praticou o homic\u00eddio ainda s\u00e3o desconhecidos.<\/p>\n","protected":false},"excerpt":{"rendered":"<p>Um homem foi assassinado a tiros, na manh\u00e3 desta sexta-feira (25), no bairro S\u00e3o Paulo, em Catol\u00e9 do Rocha, na Para\u00edba.&nbsp; A v\u00edtima foi identificada&hellip; <\/p>\n","protected":false},"author":1,"featured_media":59280,"comment_status":"closed","ping_status":"closed","sticky":false,"template":"","format":"standard","meta":{"sfsi_plus_gutenberg_text_before_share":"","sfsi_plus_gutenberg_show_text_before_share":"","sfsi_plus_gutenberg_icon_type":"","sfsi_plus_gutenberg_icon_alignemt":"","sfsi_plus_gutenburg_max_per_row":"","footnotes":""},"categories":[12],"tags":[],"class_list":["post-129695","post","type-post","status-publish","format-standard","has-post-thumbnail","hentry","category-policia"],"_links":{"self":[{"href":"https:\/\/www.caririemacao.com\/1\/wp-json\/wp\/v2\/posts\/129695","targetHints":{"allow":["GET"]}}],"collection":[{"href":"https:\/\/www.caririemacao.com\/1\/wp-json\/wp\/v2\/posts"}],"about":[{"href":"https:\/\/www.caririemacao.com\/1\/wp-json\/wp\/v2\/types\/post"}],"author":[{"embeddable":true,"href":"https:\/\/www.caririemacao.com\/1\/wp-json\/wp\/v2\/users\/1"}],"replies":[{"embeddable":true,"href":"https:\/\/www.caririemacao.com\/1\/wp-json\/wp\/v2\/comments?post=129695"}],"version-history":[{"count":1,"href":"https:\/\/www.caririemacao.com\/1\/wp-json\/wp\/v2\/posts\/129695\/revisions"}],"predecessor-version":[{"id":129697,"href":"https:\/\/www.caririemacao.com\/1\/wp-json\/wp\/v2\/posts\/129695\/revisions\/129697"}],"wp:featuredmedia":[{"embeddable":true,"href":"https:\/\/www.caririemacao.com\/1\/wp-json\/wp\/v2\/media\/59280"}],"wp:attachment":[{"href":"https:\/\/www.caririemacao.com\/1\/wp-json\/wp\/v2\/media?parent=129695"}],"wp:term":[{"taxonomy":"category","embeddable":true,"href":"https:\/\/www.caririemacao.com\/1\/wp-json\/wp\/v2\/categories?post=129695"},{"taxonomy":"post_tag","embeddable":true,"href":"https:\/\/www.caririemacao.com\/1\/wp-json\/wp\/v2\/tags?post=129695"}],"curies":[{"name":"wp","href":"https:\/\/api.w.org\/{rel}","templated":true}]}}