{"id":129762,"date":"2019-10-25T08:34:54","date_gmt":"2019-10-25T11:34:54","guid":{"rendered":"http:\/\/www.caririemacao.com\/1\/?p=129762"},"modified":"2019-10-25T08:34:54","modified_gmt":"2019-10-25T11:34:54","slug":"rodrigo-maia-cobra-posicao-oficial-do-ministerio-do-meio-ambiente-sobre-oleo-no-nordeste","status":"publish","type":"post","link":"https:\/\/www.caririemacao.com\/1\/2019\/10\/25\/rodrigo-maia-cobra-posicao-oficial-do-ministerio-do-meio-ambiente-sobre-oleo-no-nordeste\/","title":{"rendered":"Rodrigo Maia cobra posi\u00e7\u00e3o oficial do Minist\u00e9rio do Meio Ambiente sobre \u00f3leo no Nordeste"},"content":{"rendered":"\n<p>O presidente da C\u00e2mara Federal, deputado Rodrigo Maia (DEM), cobrou uma posi\u00e7\u00e3o oficial do Minist\u00e9rio do Meio Ambiente sobre a contamina\u00e7\u00e3o de \u00f3leo na orla do Nordeste.<\/p>\n\n\n\n<p><a href=\"https:\/\/twitter.com\/RodrigoMaia\/status\/1187465755157098504\">Em publica\u00e7\u00e3o no Twitter<\/a>&nbsp;na tarde desta quinta-feira (24), Rodrigo Maia compartilhou uma mat\u00e9ria da UOL sobre&nbsp;<a href=\"https:\/\/www.clickpb.com.br\/brasil\/salles-insinua-que-greenpeace-tem-ligacao-com-oleo-em-praias-270578.html\">o ministro Ricardo Salles, do Meio Ambiente, em que ele sugere que o Greenpeace seria o respons\u00e1vel pelo derramamento do \u00f3leo<\/a>.<\/p>\n\n\n\n<p>Confira o tweet abaixo:<\/p>\n\n\n\n<figure class=\"wp-block-image\"><img decoding=\"async\" data-src=\"https:\/\/www.clickpb.com.br\/media\/filer_public\/24\/cf\/24cf649b-58cf-418c-9034-68f736f7120b\/rodrigo_maia.png\" alt=\"\" src=\"data:image\/svg+xml;base64,PHN2ZyB3aWR0aD0iMSIgaGVpZ2h0PSIxIiB4bWxucz0iaHR0cDovL3d3dy53My5vcmcvMjAwMC9zdmciPjwvc3ZnPg==\" class=\"lazyload\" \/><\/figure>\n\n\n\n<p><strong>LEIA MAIS<\/strong>:&nbsp;<a href=\"https:\/\/www.clickpb.com.br\/brasil\/astro-o-peixe-boi-que-sobreviveu-13-atropelamentos-e-agora-esta-sob-ameaca-do-petroleo-no-nordeste-270588.html\">Astro, o peixe-boi que sobreviveu a 13 atropelamentos e agora est\u00e1 sob amea\u00e7a do petr\u00f3leo no Nordeste<\/a><br>&nbsp;O ministro Ricardo Salles publicou, com a declara\u00e7\u00e3o, uma foto do navio do Greenpeace, que \u00e9 utilizado pela organiza\u00e7\u00e3o em a\u00e7\u00f5es de protesto contra crimes ambientais.<\/p>\n\n\n\n<p>&#8220;Tem umas coincid\u00eancias na vida n\u00e9&#8230; Parece que o navio do&nbsp;<a href=\"https:\/\/twitter.com\/hashtag\/greenpixe?src=hashtag_click\">#greenpixe<\/a>&nbsp;estava justamente navegando em \u00e1guas internacionais, em frente ao litoral brasileiro bem na \u00e9poca do derramamento de \u00f3leo venezuelano&#8230;&#8221;, disse o ministro no Twitter.<\/p>\n\n\n\n<figure class=\"wp-block-image\"><img decoding=\"async\" data-src=\"https:\/\/www.clickpb.com.br\/media\/filer_public\/8c\/64\/8c64dcb8-f0bf-458b-b21d-ba87c89fc708\/ricardo_salles.png\" alt=\"\" src=\"data:image\/svg+xml;base64,PHN2ZyB3aWR0aD0iMSIgaGVpZ2h0PSIxIiB4bWxucz0iaHR0cDovL3d3dy53My5vcmcvMjAwMC9zdmciPjwvc3ZnPg==\" class=\"lazyload\" \/><\/figure>\n","protected":false},"excerpt":{"rendered":"<p>O presidente da C\u00e2mara Federal, deputado Rodrigo Maia (DEM), cobrou uma posi\u00e7\u00e3o oficial do Minist\u00e9rio do Meio Ambiente sobre a contamina\u00e7\u00e3o de \u00f3leo na orla&hellip; <\/p>\n","protected":false},"author":1,"featured_media":128420,"comment_status":"closed","ping_status":"closed","sticky":false,"template":"","format":"standard","meta":{"sfsi_plus_gutenberg_text_before_share":"","sfsi_plus_gutenberg_show_text_before_share":"","sfsi_plus_gutenberg_icon_type":"","sfsi_plus_gutenberg_icon_alignemt":"","sfsi_plus_gutenburg_max_per_row":"","footnotes":""},"categories":[11],"tags":[],"class_list":["post-129762","post","type-post","status-publish","format-standard","has-post-thumbnail","hentry","category-politica"],"_links":{"self":[{"href":"https:\/\/www.caririemacao.com\/1\/wp-json\/wp\/v2\/posts\/129762","targetHints":{"allow":["GET"]}}],"collection":[{"href":"https:\/\/www.caririemacao.com\/1\/wp-json\/wp\/v2\/posts"}],"about":[{"href":"https:\/\/www.caririemacao.com\/1\/wp-json\/wp\/v2\/types\/post"}],"author":[{"embeddable":true,"href":"https:\/\/www.caririemacao.com\/1\/wp-json\/wp\/v2\/users\/1"}],"replies":[{"embeddable":true,"href":"https:\/\/www.caririemacao.com\/1\/wp-json\/wp\/v2\/comments?post=129762"}],"version-history":[{"count":1,"href":"https:\/\/www.caririemacao.com\/1\/wp-json\/wp\/v2\/posts\/129762\/revisions"}],"predecessor-version":[{"id":129764,"href":"https:\/\/www.caririemacao.com\/1\/wp-json\/wp\/v2\/posts\/129762\/revisions\/129764"}],"wp:featuredmedia":[{"embeddable":true,"href":"https:\/\/www.caririemacao.com\/1\/wp-json\/wp\/v2\/media\/128420"}],"wp:attachment":[{"href":"https:\/\/www.caririemacao.com\/1\/wp-json\/wp\/v2\/media?parent=129762"}],"wp:term":[{"taxonomy":"category","embeddable":true,"href":"https:\/\/www.caririemacao.com\/1\/wp-json\/wp\/v2\/categories?post=129762"},{"taxonomy":"post_tag","embeddable":true,"href":"https:\/\/www.caririemacao.com\/1\/wp-json\/wp\/v2\/tags?post=129762"}],"curies":[{"name":"wp","href":"https:\/\/api.w.org\/{rel}","templated":true}]}}