{"id":129773,"date":"2019-10-25T08:36:49","date_gmt":"2019-10-25T11:36:49","guid":{"rendered":"http:\/\/www.caririemacao.com\/1\/?p=129773"},"modified":"2019-10-25T08:36:49","modified_gmt":"2019-10-25T11:36:49","slug":"moro-defende-a-prisao-em-segunda-instancia","status":"publish","type":"post","link":"https:\/\/www.caririemacao.com\/1\/2019\/10\/25\/moro-defende-a-prisao-em-segunda-instancia\/","title":{"rendered":"Moro defende a pris\u00e3o em segunda inst\u00e2ncia"},"content":{"rendered":"\n<p>\u00a0O ministro da Justi\u00e7a e Seguran\u00e7a P\u00fablica, Sergio Moro, voltou a dizer hoje (24), em S\u00e3o Paulo, que vai respeitar a decis\u00e3o do Supremo Tribunal Federal (STF) com rela\u00e7\u00e3o \u00e0 pris\u00e3o em segunda inst\u00e2ncia, mas que considera fundamental a decis\u00e3o favor\u00e1vel a ela para o enfrentamento da corrup\u00e7\u00e3o e da criminalidade.<\/p>\n\n\n\n<p>\u201c\u00c9 importante destacar o meu respeito ao Supremo Tribunal Federal, institui\u00e7\u00e3o que \u00e9 fundamental na democracia. Qualquer decis\u00e3o que seja tomada tem que ser respeitada, embora possa sofrer cr\u00edticas. A execu\u00e7\u00e3o [da pena] em segunda inst\u00e2ncia foi uma inova\u00e7\u00e3o em 2016, um passo importante contra a corrup\u00e7\u00e3o e para o enfrentamento da criminalidade em geral\u201d, disse.<\/p>\n\n\n\n<p>Segundo o ministro, a execu\u00e7\u00e3o da pena ao final do processo \u00e9 algo \u201cproblem\u00e1tico\u201d no Brasil porque o processo judicial no pa\u00eds \u201c\u00e9 extremamente lento\u201d. \u201cParticularmente acho fundamental [a aprova\u00e7\u00e3o da pris\u00e3o em segunda inst\u00e2ncia]\u201d, disse Moro aos convidados do evento. \u201cEspero que o Supremo tome a melhor decis\u00e3o\u201d.<\/p>\n\n\n\n<p>Moro participou hoje do evento Brazil Summit, da revista The Economist, em S\u00e3o Paulo. Durante o evento, ele voltou a falar do pacote anticrime, dizendo esperar que o Congresso coloque o projeto em discuss\u00e3o e vota\u00e7\u00e3o.<\/p>\n\n\n\n<p>O ministro tamb\u00e9m falou sobre a melhoria dos \u00edndices de criminalidade no Brasil, dizendo que isso se deve a uma a\u00e7\u00e3o mais eficientes dos governos estaduais, mas tamb\u00e9m de uma atua\u00e7\u00e3o mais incisiva do governo federal contra o crime organizado. Sobre o aumento da letalidade de pessoas em confrontos com a pol\u00edcia, Moro disse que isso \u201cn\u00e3o \u00e9 algo que acontece dentro do governo federal\u201d, mas nos estados. \u201cIsso n\u00e3o \u00e9 responsabilidade do governo federal\u201d, disse.<\/p>\n\n\n\n<p>Outro tema pelo qual ele foi questionado foi sobre as den\u00fancias do site The Intercept \u00e0 sua atua\u00e7\u00e3o na pris\u00e3o em segunda inst\u00e2ncia. Segundo ele, as den\u00fancias s\u00e3o \u201csensacionalistas\u201d e \u201cdistorcidas\u201d.&nbsp;<\/p>\n\n\n\n<p>\u201cTemos ouvido falar muito recentemente nos abusos da Opera\u00e7\u00e3o Lava Jato. Mas quais foram eles? Quem foi condenado injustamente? Quem foi preso injustamente? Salvo radicais e partid\u00e1rios, que reclamam de uma condena\u00e7\u00e3o entre v\u00e1rias, n\u00e3o vejo ali ningu\u00e9m que foi condenado injustamente\u201d, disse.<\/p>\n\n\n\n<p>Para Moro, as den\u00fancias contra sua atua\u00e7\u00e3o demonstram \u201cfalta de compreens\u00e3o\u201d sobre a Justi\u00e7a brasileira e uma \u201cmiss\u00e3o para salvar corrupto\u201d. \u201cN\u00e3o vislumbro excesso cometido. Se for pensar no tamanho do esc\u00e2ndalo, mais gente deveria ter sido presa\u201d, disse, sob aplausos.<\/p>\n\n\n\n<p>Ao final do evento, uma participante questionou o ministro sobre a investiga\u00e7\u00e3o da morte da vereadora Marielle Franco, ocorrida no ano passado no Rio de Janeiro. O ministro respondeu que, quando assumiu o minist\u00e9rio, a investiga\u00e7\u00e3o j\u00e1 estava em andamento. \u201cO governo federal tem o m\u00e1ximo interesse para que isso seja elucidado. Cada vida importa\u201d, disse. \u201cTemos a inten\u00e7\u00e3o de contribuir, mas isso n\u00e3o est\u00e1 na esfera de compet\u00eancia, no momento, dos \u00f3rg\u00e3os federais\u201d.<\/p>\n","protected":false},"excerpt":{"rendered":"<p>\u00a0O ministro da Justi\u00e7a e Seguran\u00e7a P\u00fablica, Sergio Moro, voltou a dizer hoje (24), em S\u00e3o Paulo, que vai respeitar a decis\u00e3o do Supremo Tribunal&hellip; <\/p>\n","protected":false},"author":1,"featured_media":129667,"comment_status":"closed","ping_status":"closed","sticky":false,"template":"","format":"standard","meta":{"sfsi_plus_gutenberg_text_before_share":"","sfsi_plus_gutenberg_show_text_before_share":"","sfsi_plus_gutenberg_icon_type":"","sfsi_plus_gutenberg_icon_alignemt":"","sfsi_plus_gutenburg_max_per_row":"","footnotes":""},"categories":[2],"tags":[],"class_list":["post-129773","post","type-post","status-publish","format-standard","has-post-thumbnail","hentry","category-geral"],"_links":{"self":[{"href":"https:\/\/www.caririemacao.com\/1\/wp-json\/wp\/v2\/posts\/129773","targetHints":{"allow":["GET"]}}],"collection":[{"href":"https:\/\/www.caririemacao.com\/1\/wp-json\/wp\/v2\/posts"}],"about":[{"href":"https:\/\/www.caririemacao.com\/1\/wp-json\/wp\/v2\/types\/post"}],"author":[{"embeddable":true,"href":"https:\/\/www.caririemacao.com\/1\/wp-json\/wp\/v2\/users\/1"}],"replies":[{"embeddable":true,"href":"https:\/\/www.caririemacao.com\/1\/wp-json\/wp\/v2\/comments?post=129773"}],"version-history":[{"count":1,"href":"https:\/\/www.caririemacao.com\/1\/wp-json\/wp\/v2\/posts\/129773\/revisions"}],"predecessor-version":[{"id":129775,"href":"https:\/\/www.caririemacao.com\/1\/wp-json\/wp\/v2\/posts\/129773\/revisions\/129775"}],"wp:featuredmedia":[{"embeddable":true,"href":"https:\/\/www.caririemacao.com\/1\/wp-json\/wp\/v2\/media\/129667"}],"wp:attachment":[{"href":"https:\/\/www.caririemacao.com\/1\/wp-json\/wp\/v2\/media?parent=129773"}],"wp:term":[{"taxonomy":"category","embeddable":true,"href":"https:\/\/www.caririemacao.com\/1\/wp-json\/wp\/v2\/categories?post=129773"},{"taxonomy":"post_tag","embeddable":true,"href":"https:\/\/www.caririemacao.com\/1\/wp-json\/wp\/v2\/tags?post=129773"}],"curies":[{"name":"wp","href":"https:\/\/api.w.org\/{rel}","templated":true}]}}