{"id":129831,"date":"2019-10-25T08:50:26","date_gmt":"2019-10-25T11:50:26","guid":{"rendered":"http:\/\/www.caririemacao.com\/1\/?p=129831"},"modified":"2019-10-25T08:50:26","modified_gmt":"2019-10-25T11:50:26","slug":"ex-deputados-prestam-depoimentos-sobre-assassinato-de-marielle-franco","status":"publish","type":"post","link":"https:\/\/www.caririemacao.com\/1\/2019\/10\/25\/ex-deputados-prestam-depoimentos-sobre-assassinato-de-marielle-franco\/","title":{"rendered":"Ex-deputados prestam depoimentos sobre assassinato de Marielle Franco"},"content":{"rendered":"\n<p>Os ex-deputados estaduais pelo&nbsp;Rio de Janeiro Edson Albertassi e Paulo Melo prestaram depoimento nesta quinta-feira (24) a respeito do assassinato da vereadora Marielle Franco e do motorista Anderson Gomes. O delegado Antonio Ricardo, diretor do Departamento Geral de Homic\u00eddios e Prote\u00e7\u00e3o \u00e0 Pessoa do Rio de Janeiro, disse que os interrogat\u00f3rios t\u00eam a ver com uma poss\u00edvel motiva\u00e7\u00e3o pol\u00edtica para a morte de Marielle.&nbsp;<\/p>\n\n\n\n<p>Segundo Antonio Ricardo, o ex-deputado e conselheiro afastado do Tribunal de Contas do Estado (TCE) Domingos Braz\u00e3o poder\u00e1 ser chamado novamente a depor. &#8220;N\u00f3s vamos avaliar a necessidade dele prestar um novo depoimento. Por enquanto, ele \u00e9 ouvido na condi\u00e7\u00e3o de testemunha&#8221;, disse o delegado.<\/p>\n\n\n\n<p>Os dois ex-deputados do MDB est\u00e3o presos em Bangu h\u00e1 dois anos, acusados de esquemas de corrup\u00e7\u00e3o e lavagem de dinheiro investigados na Opera\u00e7\u00e3o&nbsp;<a href=\"http:\/\/agenciabrasil.ebc.com.br\/justica\/noticia\/2019-03\/trf2-condena-ex-presidente-da-alerj-e-dois-ex-deputados-por-corrupcao\" target=\"_blank\" rel=\"noreferrer noopener\">Cadeia Velha<\/a>, um dos desdobramentos da Lava Jato no Rio de Janeiro.&nbsp;<\/p>\n\n\n\n<h2 class=\"wp-block-heading\">Federaliza\u00e7\u00e3o<\/h2>\n\n\n\n<p>O delegado&nbsp;<a href=\"http:\/\/agenciabrasil.ebc.com.br\/geral\/noticia\/2019-10\/mp-rj-e-policia-civil-criticam-eventual-federalizacao-do-caso-marielle\" target=\"_blank\" rel=\"noreferrer noopener\">refor\u00e7ou a cr\u00edtica<\/a>&nbsp;\u00e0&nbsp;<a href=\"http:\/\/agenciabrasil.ebc.com.br\/justica\/noticia\/2019-09\/dodge-pede-federalizacao-da-investigacao-do-assassinato-de-marielle\" target=\"_blank\" rel=\"noreferrer noopener\">federaliza\u00e7\u00e3o do caso<\/a>, requerida por Raquel Dodge, ent\u00e3o procuradora-geral da Rep\u00fablica. Pelo pedido de Dodge, a investiga\u00e7\u00e3o sairia da al\u00e7ada da Pol\u00edcia Civil e do Minist\u00e9rio P\u00fablico (MP) para o \u00e2mbito da Pol\u00edcia Federal (PF) e do Minist\u00e9rio P\u00fablico Federal (MPF).<\/p>\n\n\n\n<p>&#8220;Se sair da Pol\u00edcia Civil, vai haver um preju\u00edzo muito grande, porque o que n\u00f3s j\u00e1 produzimos de informa\u00e7\u00e3o e de documentos apreendidos que ainda est\u00e3o sob an\u00e1lise vai ser uma perda inestim\u00e1vel. Esse tempo \u00e9 precioso. N\u00f3s j\u00e1 temos mais de 30 volumes produzidos&#8221;, disse o delegado.<\/p>\n\n\n\n<p>No \u00faltimo dia como procuradora-geral da Rep\u00fablica, Raquel Dodge pediu ao Superior Tribunal de Justi\u00e7a (STJ) a federaliza\u00e7\u00e3o do Caso Marielle, mas a corte ainda n\u00e3o se definiu sobre a mat\u00e9ria.&nbsp;<\/p>\n\n\n\n<p>Marielle foi morta a tiros no dia 14 de mar\u00e7o de 2018, juntamente com o motorista Anderson Gomes, na capital fluminense. Dois suspeitos da execu\u00e7\u00e3o foram presos: Ronie Lessa e \u00c9lcio de Queiroz, mas os mandantes do crime e as motiva\u00e7\u00f5es ainda n\u00e3o s\u00e3o conhecidos.<\/p>\n","protected":false},"excerpt":{"rendered":"<p>Os ex-deputados estaduais pelo&nbsp;Rio de Janeiro Edson Albertassi e Paulo Melo prestaram depoimento nesta quinta-feira (24) a respeito do assassinato da vereadora Marielle Franco e&hellip; <\/p>\n","protected":false},"author":1,"featured_media":129833,"comment_status":"closed","ping_status":"closed","sticky":false,"template":"","format":"standard","meta":{"sfsi_plus_gutenberg_text_before_share":"","sfsi_plus_gutenberg_show_text_before_share":"","sfsi_plus_gutenberg_icon_type":"","sfsi_plus_gutenberg_icon_alignemt":"","sfsi_plus_gutenburg_max_per_row":"","footnotes":""},"categories":[2],"tags":[],"class_list":["post-129831","post","type-post","status-publish","format-standard","has-post-thumbnail","hentry","category-geral"],"_links":{"self":[{"href":"https:\/\/www.caririemacao.com\/1\/wp-json\/wp\/v2\/posts\/129831","targetHints":{"allow":["GET"]}}],"collection":[{"href":"https:\/\/www.caririemacao.com\/1\/wp-json\/wp\/v2\/posts"}],"about":[{"href":"https:\/\/www.caririemacao.com\/1\/wp-json\/wp\/v2\/types\/post"}],"author":[{"embeddable":true,"href":"https:\/\/www.caririemacao.com\/1\/wp-json\/wp\/v2\/users\/1"}],"replies":[{"embeddable":true,"href":"https:\/\/www.caririemacao.com\/1\/wp-json\/wp\/v2\/comments?post=129831"}],"version-history":[{"count":1,"href":"https:\/\/www.caririemacao.com\/1\/wp-json\/wp\/v2\/posts\/129831\/revisions"}],"predecessor-version":[{"id":129834,"href":"https:\/\/www.caririemacao.com\/1\/wp-json\/wp\/v2\/posts\/129831\/revisions\/129834"}],"wp:featuredmedia":[{"embeddable":true,"href":"https:\/\/www.caririemacao.com\/1\/wp-json\/wp\/v2\/media\/129833"}],"wp:attachment":[{"href":"https:\/\/www.caririemacao.com\/1\/wp-json\/wp\/v2\/media?parent=129831"}],"wp:term":[{"taxonomy":"category","embeddable":true,"href":"https:\/\/www.caririemacao.com\/1\/wp-json\/wp\/v2\/categories?post=129831"},{"taxonomy":"post_tag","embeddable":true,"href":"https:\/\/www.caririemacao.com\/1\/wp-json\/wp\/v2\/tags?post=129831"}],"curies":[{"name":"wp","href":"https:\/\/api.w.org\/{rel}","templated":true}]}}