{"id":129845,"date":"2019-10-25T08:52:23","date_gmt":"2019-10-25T11:52:23","guid":{"rendered":"http:\/\/www.caririemacao.com\/1\/?p=129845"},"modified":"2019-10-25T08:52:23","modified_gmt":"2019-10-25T11:52:23","slug":"proposta-de-reforma-tributaria-deve-sair-em-novembro-diz-secretario","status":"publish","type":"post","link":"https:\/\/www.caririemacao.com\/1\/2019\/10\/25\/proposta-de-reforma-tributaria-deve-sair-em-novembro-diz-secretario\/","title":{"rendered":"Proposta de reforma tribut\u00e1ria deve sair em novembro, diz secret\u00e1rio"},"content":{"rendered":"\n<p> O secret\u00e1rio especial de Previd\u00eancia e Trabalho do Minist\u00e9rio da Economia, Rog\u00e9rio Marinho, disse hoje (24), em S\u00e3o Paulo, que o governo deve enviar a primeira parte do projeto de reforma tribut\u00e1ria para o Congresso nos dias 9 ou 10 de novembro. Segundo ele, nessa primeira etapa ser\u00e1 tratada a simplifica\u00e7\u00e3o do PIS\/Cofins.\u201cO governo deve mandar, provavelmente dia 9 ou 10 de novembro, um projeto que vai mostrar com o que \u00e9 que o governo pretende inicialmente se debru\u00e7ar em rela\u00e7\u00e3o \u00e0 quest\u00e3o tribut\u00e1ria. O que est\u00e1 acertado hoje \u00e9 o PIS\/Cofins, a consolida\u00e7\u00e3o e a simplifica\u00e7\u00e3o desses dois impostos que s\u00e3o importantes para o pa\u00eds\u201d, disse ele a jornalistas, ap\u00f3s ter participado do Brazil Summit, evento promovido pela revista\u00a0<em>The Economist<\/em>. O secret\u00e1rio, no entanto, n\u00e3o deu mais detalhes sobre o projeto. Ele disse que a desonera\u00e7\u00e3o da folha de pagamento n\u00e3o dever\u00e1 estar nessa primeira etapa.<\/p>\n","protected":false},"excerpt":{"rendered":"<p>O secret\u00e1rio especial de Previd\u00eancia e Trabalho do Minist\u00e9rio da Economia, Rog\u00e9rio Marinho, disse hoje (24), em S\u00e3o Paulo, que o governo deve enviar a&hellip; <\/p>\n","protected":false},"author":1,"featured_media":22328,"comment_status":"closed","ping_status":"closed","sticky":false,"template":"","format":"standard","meta":{"sfsi_plus_gutenberg_text_before_share":"","sfsi_plus_gutenberg_show_text_before_share":"","sfsi_plus_gutenberg_icon_type":"","sfsi_plus_gutenberg_icon_alignemt":"","sfsi_plus_gutenburg_max_per_row":"","footnotes":""},"categories":[11],"tags":[],"class_list":["post-129845","post","type-post","status-publish","format-standard","has-post-thumbnail","hentry","category-politica"],"_links":{"self":[{"href":"https:\/\/www.caririemacao.com\/1\/wp-json\/wp\/v2\/posts\/129845","targetHints":{"allow":["GET"]}}],"collection":[{"href":"https:\/\/www.caririemacao.com\/1\/wp-json\/wp\/v2\/posts"}],"about":[{"href":"https:\/\/www.caririemacao.com\/1\/wp-json\/wp\/v2\/types\/post"}],"author":[{"embeddable":true,"href":"https:\/\/www.caririemacao.com\/1\/wp-json\/wp\/v2\/users\/1"}],"replies":[{"embeddable":true,"href":"https:\/\/www.caririemacao.com\/1\/wp-json\/wp\/v2\/comments?post=129845"}],"version-history":[{"count":1,"href":"https:\/\/www.caririemacao.com\/1\/wp-json\/wp\/v2\/posts\/129845\/revisions"}],"predecessor-version":[{"id":129847,"href":"https:\/\/www.caririemacao.com\/1\/wp-json\/wp\/v2\/posts\/129845\/revisions\/129847"}],"wp:featuredmedia":[{"embeddable":true,"href":"https:\/\/www.caririemacao.com\/1\/wp-json\/wp\/v2\/media\/22328"}],"wp:attachment":[{"href":"https:\/\/www.caririemacao.com\/1\/wp-json\/wp\/v2\/media?parent=129845"}],"wp:term":[{"taxonomy":"category","embeddable":true,"href":"https:\/\/www.caririemacao.com\/1\/wp-json\/wp\/v2\/categories?post=129845"},{"taxonomy":"post_tag","embeddable":true,"href":"https:\/\/www.caririemacao.com\/1\/wp-json\/wp\/v2\/tags?post=129845"}],"curies":[{"name":"wp","href":"https:\/\/api.w.org\/{rel}","templated":true}]}}