{"id":129859,"date":"2019-10-25T08:55:34","date_gmt":"2019-10-25T11:55:34","guid":{"rendered":"http:\/\/www.caririemacao.com\/1\/?p=129859"},"modified":"2019-10-25T08:55:34","modified_gmt":"2019-10-25T11:55:34","slug":"pacote-de-emprego-vai-beneficiar-jovens-e-maiores-de-55-anos-avisa-bolsonaro","status":"publish","type":"post","link":"https:\/\/www.caririemacao.com\/1\/2019\/10\/25\/pacote-de-emprego-vai-beneficiar-jovens-e-maiores-de-55-anos-avisa-bolsonaro\/","title":{"rendered":"Pacote de emprego vai beneficiar jovens e maiores de 55 anos, avisa Bolsonaro"},"content":{"rendered":"\n<p>&nbsp;O presidente Jair Bolsonaro (PSL) afirmou nesta sexta-feira (25) em Pequim que vai adotar medidas para estimular o emprego para jovens at\u00e9 29 anos e maiores de 55 anos.<\/p>\n\n\n\n<p>\u201cVamos dar uma \u00eanfase nessas pontas\u201d, disse Bolsonaro. Ele evitou detalhar que medidas ser\u00e3o tomadas, mas, conforme apurou a reportagem, podem incluir redu\u00e7\u00e3o de encargos trabalhistas das empresas e concess\u00e3o de cr\u00e9dito. Ainda n\u00e3o \u00e9 certeza se haver\u00e1 perda de direitos trabalhistas, mas n\u00e3o est\u00e1 descartado.<\/p>\n\n\n\n<p>Depois do retorno do presidente de seu tour pela \u00c1sia, o governo vai enviar ao Congresso uma medida provis\u00f3ria para estimular o emprego e melhorar a qualifica\u00e7\u00e3o. Essa MP \u00e9 a nova prioridade imediata da equipe econ\u00f4mica ap\u00f3s a aprova\u00e7\u00e3o da reforma da Previd\u00eancia.<\/p>\n\n\n\n<p>Mat\u00e9ria publicada pela Folha no in\u00edcio de setembro informa que o governo estuda a cria\u00e7\u00e3o do programa \u201cEmprego verde amarelo\u201d, com desonera\u00e7\u00e3o da folha de pagamento e redu\u00e7\u00e3o de 50% do FGTS para empresas que contratarem jovens ou profissionais desempregados h\u00e1 mais de dois anos.<\/p>\n\n\n\n<p>O n\u00famero de desempregados no pa\u00eds vem caindo lentamente, mas ainda \u00e9 muito alto. Em julho, a taxa de desemprego estava em 11,8%, o que representa 12,8 milh\u00f5es de pessoas. A cobran\u00e7a pol\u00edtica tem sido forte em cima do governo por causa disso.<\/p>\n\n\n\n<p>Al\u00e9m da MP para estimular a gera\u00e7\u00e3o de novas vagas, o governo tenta encaminhar as reformas administrativa e tribut\u00e1ria. Segundo Bolsonaro, a reforma administrativa est\u00e1 bastante \u201cavan\u00e7ada\u201d.<\/p>\n\n\n\n<p>O presidente afirmou que n\u00e3o haver\u00e1 quebra de estabilidade para os atuais servidores, mas admitiu que quem entrar depois da aprova\u00e7\u00e3o das medidas pode perder o benef\u00edcio. Atualmente os servidores concursados n\u00e3o podem ser demitidos.<\/p>\n\n\n\n<p>Outra medida em estudo pelo governo \u00e9 acabar com as indexa\u00e7\u00f5es dos sal\u00e1rios dos servidores, que costumam estar vinculados a um porcentual do cargo no topo da carreira.<\/p>\n\n\n\n<p>Na quinta-feira (24), Bolsonaro anunciou o fim da exig\u00eancia de vistos para chineses no Brasil para estimular o turismo e os neg\u00f3cios. A medida preocupa os especialistas que dizem que a imigra\u00e7\u00e3o ilegal pode crescer. Questionado sobre o assunto, Bolsonaro disse que haver\u00e1 \u201cfiltros\u201d nos aeroportos.<\/p>\n","protected":false},"excerpt":{"rendered":"<p>&nbsp;O presidente Jair Bolsonaro (PSL) afirmou nesta sexta-feira (25) em Pequim que vai adotar medidas para estimular o emprego para jovens at\u00e9 29 anos e&hellip; <\/p>\n","protected":false},"author":1,"featured_media":129640,"comment_status":"closed","ping_status":"closed","sticky":false,"template":"","format":"standard","meta":{"sfsi_plus_gutenberg_text_before_share":"","sfsi_plus_gutenberg_show_text_before_share":"","sfsi_plus_gutenberg_icon_type":"","sfsi_plus_gutenberg_icon_alignemt":"","sfsi_plus_gutenburg_max_per_row":"","footnotes":""},"categories":[11],"tags":[],"class_list":["post-129859","post","type-post","status-publish","format-standard","has-post-thumbnail","hentry","category-politica"],"_links":{"self":[{"href":"https:\/\/www.caririemacao.com\/1\/wp-json\/wp\/v2\/posts\/129859","targetHints":{"allow":["GET"]}}],"collection":[{"href":"https:\/\/www.caririemacao.com\/1\/wp-json\/wp\/v2\/posts"}],"about":[{"href":"https:\/\/www.caririemacao.com\/1\/wp-json\/wp\/v2\/types\/post"}],"author":[{"embeddable":true,"href":"https:\/\/www.caririemacao.com\/1\/wp-json\/wp\/v2\/users\/1"}],"replies":[{"embeddable":true,"href":"https:\/\/www.caririemacao.com\/1\/wp-json\/wp\/v2\/comments?post=129859"}],"version-history":[{"count":1,"href":"https:\/\/www.caririemacao.com\/1\/wp-json\/wp\/v2\/posts\/129859\/revisions"}],"predecessor-version":[{"id":129862,"href":"https:\/\/www.caririemacao.com\/1\/wp-json\/wp\/v2\/posts\/129859\/revisions\/129862"}],"wp:featuredmedia":[{"embeddable":true,"href":"https:\/\/www.caririemacao.com\/1\/wp-json\/wp\/v2\/media\/129640"}],"wp:attachment":[{"href":"https:\/\/www.caririemacao.com\/1\/wp-json\/wp\/v2\/media?parent=129859"}],"wp:term":[{"taxonomy":"category","embeddable":true,"href":"https:\/\/www.caririemacao.com\/1\/wp-json\/wp\/v2\/categories?post=129859"},{"taxonomy":"post_tag","embeddable":true,"href":"https:\/\/www.caririemacao.com\/1\/wp-json\/wp\/v2\/tags?post=129859"}],"curies":[{"name":"wp","href":"https:\/\/api.w.org\/{rel}","templated":true}]}}