{"id":129880,"date":"2019-10-25T09:31:24","date_gmt":"2019-10-25T12:31:24","guid":{"rendered":"http:\/\/www.caririemacao.com\/1\/?p=129880"},"modified":"2019-10-25T09:31:24","modified_gmt":"2019-10-25T12:31:24","slug":"cinco-parlamentares-do-psl-pedem-expulsao-de-eduardo-bolsonaro-do-partido","status":"publish","type":"post","link":"https:\/\/www.caririemacao.com\/1\/2019\/10\/25\/cinco-parlamentares-do-psl-pedem-expulsao-de-eduardo-bolsonaro-do-partido\/","title":{"rendered":"Cinco parlamentares do PSL pedem expuls\u00e3o de Eduardo Bolsonaro do partido"},"content":{"rendered":"\n<p> Filho do presidente Bolsonaro, deputado est\u00e1 envolvido na crise que atinge a legenda. Decis\u00e3o caber\u00e1 ao conselho de \u00e9tica do PSL; Eduardo diz n\u00e3o ter sido notificado sobre pedido.<\/p>\n\n\n\n<p>Cinco parlamentares filiados ao PSL informaram nesta quinta-feira (24) ter protocolado em cart\u00f3rio um pedido de expuls\u00e3o do deputado Eduardo Bolsonaro do partido.<\/p>\n\n\n\n<p>O pedido \u00e9 direcionado ao presidente da legenda, Luciano Bivar, e ao conselho de \u00e9tica do PSL.<\/p>\n\n\n\n<p>Filho do presidente Jair Bolsonaro, Eduardo \u00e9 o atual l\u00edder do PSL na C\u00e2mara dos Deputados e preside o diret\u00f3rio paulista da legenda.<\/p>\n\n\n\n<p>O deputado est\u00e1 envolvido na crise que atinge o partido, agravada na semana passada quando o grupo aliado a ele e a Jair Bolsonaro se articulou para destituir o ent\u00e3o l\u00edder do PSL na C\u00e2mara, deputado Delegado Waldir (PSL-GO), ligado a Bivar.<\/p>\n\n\n\n<p>A decis\u00e3o sobre a expuls\u00e3o caber\u00e1 ao conselho de \u00e9tica do PSL. Assinaram o pedido de expuls\u00e3o:<\/p>\n\n\n\n<ul class=\"wp-block-list\"><li>Senador Major Ol\u00edmpio (PSL-SP), l\u00edder do partido;<\/li><li>Deputada Joice Hasselmann (PSL-SP);<\/li><li>Deputado Coronel Tadeu (PSL-SP);<\/li><li>Deputado J\u00fanior Bozzella (PSL-SP);<\/li><li>Deputado Abou Anni (PSL-SP).<\/li><\/ul>\n\n\n\n<p>No in\u00edcio da tarde desta quinta-feira, Eduardo Bolsonaro esteve na C\u00e2mara e foi questionado sobre o pedido de expuls\u00e3o do partido. Ele respondeu que ainda n\u00e3o foi notificado.<\/p>\n\n\n\n<p>&#8220;Estou esperando ser notificado oficialmente de qualquer dessas decis\u00f5es. Porque, at\u00e9 agora, n\u00e3o sei, as pessoas est\u00e3o falando, mas quem \u00e9 que est\u00e1 movendo, onde \u00e9 que est\u00e1 protocolado isso? Para mim, n\u00e3o chegou nada oficial&#8221;, declarou.<\/p>\n\n\n\n<p><strong>O que argumentam os parlamentares<\/strong><\/p>\n\n\n\n<p>Ex-l\u00edder do governo no Congresso Nacional, a deputada Joice Hasselmann disse que o pedido \u00e9 baseado em &#8220;ilegalidades&#8221; que teriam sido cometidas &#8220;l\u00e1 dentro de S\u00e3o Paulo&#8221;.<\/p>\n\n\n\n<p>Joice deixou o posto de l\u00edder um dia depois de ter apoiado a lista que mantinha Delegado Waldir na lideran\u00e7a do PSL. No \u00faltimo fim de semana, ela disse que o governo agiu para dar um &#8220;golpe&#8221; no PSL.<\/p>\n\n\n\n<p>&#8220;O pedido que n\u00f3s fizemos \u00e9 um pedido j\u00e1 oficial de expuls\u00e3o do partido, por conta das ilegalidades cometidas l\u00e1 dentro de S\u00e3o Paulo. E tamb\u00e9m, de afastamento da executiva e at\u00e9 mesmo de suspens\u00e3o do PSL, de expuls\u00e3o da legenda&#8221;, afirmou Joice.<\/p>\n\n\n\n<p>No pedido de expuls\u00e3o protocolado em cart\u00f3rio, os parlamentares argumentam que Eduardo Bolsonaro desrespeitou o estatuto e o c\u00f3digo de \u00e9tica do PSL, al\u00e9m de ter cometido uma &#8220;s\u00e9rie de infra\u00e7\u00f5es&#8221;.<\/p>\n\n\n\n<p>Como exemplo, os parlamentares disseram que Eduardo destituiu diret\u00f3rios municipais e os substituiu por comiss\u00f5es provis\u00f3rias.<\/p>\n\n\n\n<p>&#8220;O Judici\u00e1rio j\u00e1 reconheceu, liminarmente e em pelo menos duas oportunidades, que os representados abusaram seus poderes enquanto administradores do PSL de S\u00e3o Paulo e constitu\u00edram Comiss\u00f5es Provis\u00f3rias Municipais em detrimento dos Diret\u00f3rios municipais definitivamente criados, nos termos do Estatuto&#8221;, aponta o documento.<\/p>\n\n\n\n<p>&#8220;Isso contraria a determina\u00e7\u00e3o do TSE de constitui\u00e7\u00e3o de Diret\u00f3rios e Comiss\u00f5es Executivas definitivos, em substitui\u00e7\u00e3o \u00e0s comiss\u00f5es provis\u00f3rias, bem como a democracia partid\u00e1ria, prevista no Estatuto&#8221;, conclui o pedido.<\/p>\n","protected":false},"excerpt":{"rendered":"<p>Filho do presidente Bolsonaro, deputado est\u00e1 envolvido na crise que atinge a legenda. Decis\u00e3o caber\u00e1 ao conselho de \u00e9tica do PSL; Eduardo diz n\u00e3o ter&hellip; <\/p>\n","protected":false},"author":1,"featured_media":121336,"comment_status":"closed","ping_status":"closed","sticky":false,"template":"","format":"standard","meta":{"sfsi_plus_gutenberg_text_before_share":"","sfsi_plus_gutenberg_show_text_before_share":"","sfsi_plus_gutenberg_icon_type":"","sfsi_plus_gutenberg_icon_alignemt":"","sfsi_plus_gutenburg_max_per_row":"","footnotes":""},"categories":[11],"tags":[],"class_list":["post-129880","post","type-post","status-publish","format-standard","has-post-thumbnail","hentry","category-politica"],"_links":{"self":[{"href":"https:\/\/www.caririemacao.com\/1\/wp-json\/wp\/v2\/posts\/129880","targetHints":{"allow":["GET"]}}],"collection":[{"href":"https:\/\/www.caririemacao.com\/1\/wp-json\/wp\/v2\/posts"}],"about":[{"href":"https:\/\/www.caririemacao.com\/1\/wp-json\/wp\/v2\/types\/post"}],"author":[{"embeddable":true,"href":"https:\/\/www.caririemacao.com\/1\/wp-json\/wp\/v2\/users\/1"}],"replies":[{"embeddable":true,"href":"https:\/\/www.caririemacao.com\/1\/wp-json\/wp\/v2\/comments?post=129880"}],"version-history":[{"count":1,"href":"https:\/\/www.caririemacao.com\/1\/wp-json\/wp\/v2\/posts\/129880\/revisions"}],"predecessor-version":[{"id":129882,"href":"https:\/\/www.caririemacao.com\/1\/wp-json\/wp\/v2\/posts\/129880\/revisions\/129882"}],"wp:featuredmedia":[{"embeddable":true,"href":"https:\/\/www.caririemacao.com\/1\/wp-json\/wp\/v2\/media\/121336"}],"wp:attachment":[{"href":"https:\/\/www.caririemacao.com\/1\/wp-json\/wp\/v2\/media?parent=129880"}],"wp:term":[{"taxonomy":"category","embeddable":true,"href":"https:\/\/www.caririemacao.com\/1\/wp-json\/wp\/v2\/categories?post=129880"},{"taxonomy":"post_tag","embeddable":true,"href":"https:\/\/www.caririemacao.com\/1\/wp-json\/wp\/v2\/tags?post=129880"}],"curies":[{"name":"wp","href":"https:\/\/api.w.org\/{rel}","templated":true}]}}