{"id":130074,"date":"2019-10-25T15:12:47","date_gmt":"2019-10-25T18:12:47","guid":{"rendered":"http:\/\/www.caririemacao.com\/1\/?p=130074"},"modified":"2019-10-25T15:12:47","modified_gmt":"2019-10-25T18:12:47","slug":"manifestantes-tentam-invadir-congresso-do-chile","status":"publish","type":"post","link":"https:\/\/www.caririemacao.com\/1\/2019\/10\/25\/manifestantes-tentam-invadir-congresso-do-chile\/","title":{"rendered":"Manifestantes tentam invadir Congresso do Chile"},"content":{"rendered":"\n<p>No in\u00edcio da tarde de hoje (25) manifestantes tentaram invadir o Congresso Nacional chileno, mas foram detidos por Carabineros, a pol\u00edcia chilena, com bombas de g\u00e1s lacrimog\u00eaneo e jatos de \u00e1gua. O edif\u00edcio teve que ser evacuado e as atividades legislativas suspensas.<\/p>\n\n\n\n<p>Hoje (25) \u00e9 o oitavo dia de protestos no pa\u00eds. J\u00e1 s\u00e3o 19 mortes registradas, com 2.840 pessoas detidas e 295 feridas por armas de fogo. Michelle Bachelet, ex-presidente do Chile e atualmente alta comiss\u00e1ria da ONU para os Direitos Humanos, disse que enviar\u00e1, na pr\u00f3xima segunda-feira (28), uma miss\u00e3o de verifica\u00e7\u00e3o para acompanhar os conflitos no pa\u00eds e examinar den\u00fancias de viola\u00e7\u00f5es dos direitos humanos.<\/p>\n\n\n\n<h2 class=\"wp-block-heading\">Manifesta\u00e7\u00f5es<\/h2>\n\n\n\n<p>As manifesta\u00e7\u00f5es come\u00e7aram na semana passada, com o an\u00fancio do aumento das passagens do metr\u00f4. E mesmo depois de o presidente Sebasti\u00e1n Pi\u00f1era ter voltado atr\u00e1s e cancelado o aumento, os protestos continuaram. O Chile, um pa\u00eds reconhecido por ter bons indicadores de governan\u00e7a, exp\u00f4s suas debilidades e uma grande desigualdade social. Os manifestantes reclamam do alto custo de vida, dos baixos sal\u00e1rios e aposentadorias, do sistema de sa\u00fade e educa\u00e7\u00e3o, que n\u00e3o \u00e9 acess\u00edvel a todos.<\/p>\n\n\n\n<h2 class=\"wp-block-heading\">Pacote<\/h2>\n\n\n\n<p>O presidente Sebasti\u00e1n Pi\u00f1era anunciou um pacote de medidas para tentar acalmar os \u00e2nimos e conter as manifesta\u00e7\u00f5es, mas n\u00e3o foi suficiente. Os protestos continuaram. A popula\u00e7\u00e3o argumenta que nenhuma das medidas anunciadas ter\u00e1 aplica\u00e7\u00e3o imediata e que s\u00e3o iniciativas que ainda ter\u00e3o de passar pelo Congresso.<\/p>\n","protected":false},"excerpt":{"rendered":"<p>No in\u00edcio da tarde de hoje (25) manifestantes tentaram invadir o Congresso Nacional chileno, mas foram detidos por Carabineros, a pol\u00edcia chilena, com bombas de&hellip; <\/p>\n","protected":false},"author":1,"featured_media":130076,"comment_status":"closed","ping_status":"closed","sticky":false,"template":"","format":"standard","meta":{"sfsi_plus_gutenberg_text_before_share":"","sfsi_plus_gutenberg_show_text_before_share":"","sfsi_plus_gutenberg_icon_type":"","sfsi_plus_gutenberg_icon_alignemt":"","sfsi_plus_gutenburg_max_per_row":"","footnotes":""},"categories":[2],"tags":[],"class_list":["post-130074","post","type-post","status-publish","format-standard","has-post-thumbnail","hentry","category-geral"],"_links":{"self":[{"href":"https:\/\/www.caririemacao.com\/1\/wp-json\/wp\/v2\/posts\/130074","targetHints":{"allow":["GET"]}}],"collection":[{"href":"https:\/\/www.caririemacao.com\/1\/wp-json\/wp\/v2\/posts"}],"about":[{"href":"https:\/\/www.caririemacao.com\/1\/wp-json\/wp\/v2\/types\/post"}],"author":[{"embeddable":true,"href":"https:\/\/www.caririemacao.com\/1\/wp-json\/wp\/v2\/users\/1"}],"replies":[{"embeddable":true,"href":"https:\/\/www.caririemacao.com\/1\/wp-json\/wp\/v2\/comments?post=130074"}],"version-history":[{"count":1,"href":"https:\/\/www.caririemacao.com\/1\/wp-json\/wp\/v2\/posts\/130074\/revisions"}],"predecessor-version":[{"id":130077,"href":"https:\/\/www.caririemacao.com\/1\/wp-json\/wp\/v2\/posts\/130074\/revisions\/130077"}],"wp:featuredmedia":[{"embeddable":true,"href":"https:\/\/www.caririemacao.com\/1\/wp-json\/wp\/v2\/media\/130076"}],"wp:attachment":[{"href":"https:\/\/www.caririemacao.com\/1\/wp-json\/wp\/v2\/media?parent=130074"}],"wp:term":[{"taxonomy":"category","embeddable":true,"href":"https:\/\/www.caririemacao.com\/1\/wp-json\/wp\/v2\/categories?post=130074"},{"taxonomy":"post_tag","embeddable":true,"href":"https:\/\/www.caririemacao.com\/1\/wp-json\/wp\/v2\/tags?post=130074"}],"curies":[{"name":"wp","href":"https:\/\/api.w.org\/{rel}","templated":true}]}}