{"id":130086,"date":"2019-10-25T16:03:47","date_gmt":"2019-10-25T19:03:47","guid":{"rendered":"http:\/\/www.caririemacao.com\/1\/?p=130086"},"modified":"2019-10-25T16:03:47","modified_gmt":"2019-10-25T19:03:47","slug":"i-forum-sobre-a-prevencao-da-violencia-contra-adolescentes-e-jovens","status":"publish","type":"post","link":"https:\/\/www.caririemacao.com\/1\/2019\/10\/25\/i-forum-sobre-a-prevencao-da-violencia-contra-adolescentes-e-jovens\/","title":{"rendered":"I Forum sobre a preven\u00e7\u00e3o da viol\u00eancia contra adolescentes e jovens"},"content":{"rendered":"\n<p>Data: 30\/10\/2019<br>Hora: 8h<br>Local: Gin\u00e1sio de Esportes O Ded\u00e3o \u2013 Escola Zelia Braz \u2013 Varzea Redonda \u2013 Sum\u00e9(PB)<\/p>\n\n\n\n<p>Programa\u00e7\u00e3o:<\/p>\n\n\n\n<p>8h \u2013 Credenciamento<\/p>\n\n\n\n<p>8h45 \u2013 Acolhida<br>&#x2714;Apresenta\u00e7\u00e3o do grupo de dan\u00e7a e banda ecol\u00f3gica do SCFV e do grupo de flauta do Projeto Monica<\/p>\n\n\n\n<p>9h \u2013 Abertura do F\u00f3rum pela equipe do CREAS de Sum\u00e9<\/p>\n\n\n\n<p>9h20 \u2013 Roda de Conversa abordando os seguintes temas:<\/p>\n\n\n\n<p>&#x2714;Homic\u00eddios<br>Palestrantes:<br>&#x25aa;Dr. Cristiano Santana \u2013 Delegado Seccional.<br>&#x25aa;Dr. Jos\u00e9 Josev\u00e1 Leite J\u00fanior ( J. J\u00fanior) \u2013 P\u00f3s graduado em Direito Penal e processo Penal ( Faculdade Damasio de Jesus).<\/p>\n\n\n\n<p>&#x2714;Acidentes de Tr\u00e2nsito<br>Palestrantes:<br>&#x25aa;Geraldo C\u00e2ndido do Nascimento Filho, terceiro Sargento \u2013 graduado em Letras pela UEPB<br>&#x25aa;Amilton Bezerra Nunes \u2013 Servidor P\u00fablico \u2013 Condutor do SAMU<\/p>\n\n\n\n<p>&#x2714; Suic\u00eddio<br>Palestrante:<br>&#x25aa;Divanicio Albuquerque Pessoa \u2013 Psic\u00f3logo do CAPS de Sum\u00e9<\/p>\n\n\n\n<p>11h \u2013 Premia\u00e7\u00e3o do Vencedor do Concurso para escolha da Logomarca do CMDCA.<\/p>\n\n\n\n<p>11h15 \u2013 Considera\u00e7\u00f5es Finais<\/p>\n\n\n\n<p>11h30 \u2013 Encerramento<\/p>\n","protected":false},"excerpt":{"rendered":"<p>Data: 30\/10\/2019Hora: 8hLocal: Gin\u00e1sio de Esportes O Ded\u00e3o \u2013 Escola Zelia Braz \u2013 Varzea Redonda \u2013 Sum\u00e9(PB) Programa\u00e7\u00e3o: 8h \u2013 Credenciamento 8h45 \u2013 Acolhida&#x2714;Apresenta\u00e7\u00e3o do&hellip; <\/p>\n","protected":false},"author":1,"featured_media":130093,"comment_status":"closed","ping_status":"closed","sticky":false,"template":"","format":"standard","meta":{"sfsi_plus_gutenberg_text_before_share":"","sfsi_plus_gutenberg_show_text_before_share":"","sfsi_plus_gutenberg_icon_type":"","sfsi_plus_gutenberg_icon_alignemt":"","sfsi_plus_gutenburg_max_per_row":"","footnotes":""},"categories":[2],"tags":[],"class_list":["post-130086","post","type-post","status-publish","format-standard","has-post-thumbnail","hentry","category-geral"],"_links":{"self":[{"href":"https:\/\/www.caririemacao.com\/1\/wp-json\/wp\/v2\/posts\/130086","targetHints":{"allow":["GET"]}}],"collection":[{"href":"https:\/\/www.caririemacao.com\/1\/wp-json\/wp\/v2\/posts"}],"about":[{"href":"https:\/\/www.caririemacao.com\/1\/wp-json\/wp\/v2\/types\/post"}],"author":[{"embeddable":true,"href":"https:\/\/www.caririemacao.com\/1\/wp-json\/wp\/v2\/users\/1"}],"replies":[{"embeddable":true,"href":"https:\/\/www.caririemacao.com\/1\/wp-json\/wp\/v2\/comments?post=130086"}],"version-history":[{"count":1,"href":"https:\/\/www.caririemacao.com\/1\/wp-json\/wp\/v2\/posts\/130086\/revisions"}],"predecessor-version":[{"id":130094,"href":"https:\/\/www.caririemacao.com\/1\/wp-json\/wp\/v2\/posts\/130086\/revisions\/130094"}],"wp:featuredmedia":[{"embeddable":true,"href":"https:\/\/www.caririemacao.com\/1\/wp-json\/wp\/v2\/media\/130093"}],"wp:attachment":[{"href":"https:\/\/www.caririemacao.com\/1\/wp-json\/wp\/v2\/media?parent=130086"}],"wp:term":[{"taxonomy":"category","embeddable":true,"href":"https:\/\/www.caririemacao.com\/1\/wp-json\/wp\/v2\/categories?post=130086"},{"taxonomy":"post_tag","embeddable":true,"href":"https:\/\/www.caririemacao.com\/1\/wp-json\/wp\/v2\/tags?post=130086"}],"curies":[{"name":"wp","href":"https:\/\/api.w.org\/{rel}","templated":true}]}}