{"id":130104,"date":"2019-10-25T20:45:26","date_gmt":"2019-10-25T23:45:26","guid":{"rendered":"http:\/\/www.caririemacao.com\/1\/?p=130104"},"modified":"2019-10-25T20:45:26","modified_gmt":"2019-10-25T23:45:26","slug":"em-parceria-com-o-produtor-rural-prefeitura-de-sao-jose-dos-cordeiros-recupera-acudes-e-barragens","status":"publish","type":"post","link":"https:\/\/www.caririemacao.com\/1\/2019\/10\/25\/em-parceria-com-o-produtor-rural-prefeitura-de-sao-jose-dos-cordeiros-recupera-acudes-e-barragens\/","title":{"rendered":"Em parceria com o produtor rural, Prefeitura de S\u00e3o Jos\u00e9 dos Cordeiros recupera a\u00e7udes e barragens"},"content":{"rendered":"\n<p>A gest\u00e3o de S\u00e3o Jos\u00e9 dos Cordeiros n\u00e3o para de trabalhar e seja com recursos pr\u00f3prios, executando projetos do Governo do Estado e Federal, seja em parceria com seu povo, as a\u00e7\u00f5es n\u00e3o param de acontecer. A partir de um trabalho da Secretaria Municipal de Agricultura, os produtores rurais est\u00e3o sendo beneficiados com a recupera\u00e7\u00e3o de barragens e a\u00e7udes em suas propriedades.<\/p>\n\n\n\n<div class=\"wp-block-image\"><figure class=\"alignright\"><img decoding=\"async\" data-src=\"http:\/\/deolhonocariri.com.br\/wp-content\/uploads\/2019\/10\/cordeiro-2.jpg\" alt=\"\" class=\"wp-image-73401 lazyload\" src=\"data:image\/svg+xml;base64,PHN2ZyB3aWR0aD0iMSIgaGVpZ2h0PSIxIiB4bWxucz0iaHR0cDovL3d3dy53My5vcmcvMjAwMC9zdmciPjwvc3ZnPg==\" \/><\/figure><\/div>\n\n\n\n<p>A a\u00e7\u00e3o se d\u00e1 atrav\u00e9s de uma parceria entre o munic\u00edpio e o produtor, na qual a Prefeitura de S\u00e3o Jos\u00e9 dos Cordeiros se responsabiliza pelo operador, o fornecimento da m\u00e1quina e sua manuten\u00e7\u00e3o e o propriet\u00e1rio rural com o combust\u00edvel para garantir a realiza\u00e7\u00e3o do servi\u00e7o. Com a parceria, o produtor economiza at\u00e9 70% do valor que gastaria se fosse locar a m\u00e1quina para realiza\u00e7\u00e3o do servi\u00e7o.<\/p>\n\n\n\n<p>Os trabalhos s\u00e3o feitos com um trator de esteira, adquirido pela Prefeitura atrav\u00e9s de emenda do deputado federal Wellington Roberto. Segundo o secret\u00e1rio Daivyson Romeryto, cada propriet\u00e1rio tem direito at\u00e9 20 horas de trator, limite estipulado exatamente para garantir que a m\u00e1quina percorra toda a zona e a m\u00e1quina percorra toda a zona rural.<\/p>\n\n\n\n<p>Neste momento, o trator executa a limpeza de barreiros na comunidade Perico, a qual foi sorteada previamente pelo pr\u00f3prio Conselho Municipal de Desenvolvimento Rural. A inten\u00e7\u00e3o da gest\u00e3o \u00e9 at\u00e9 o final do ano atender mais 11 propriedades, resultando no emprego de mais de 200 horas m\u00e1quina.<\/p>\n\n\n\n<p>\u201cEste trabalho que estamos desenvolvendo objetiva preparar nossos reservat\u00f3rios para as chuvas do in\u00edcio de 2020, deixando-os limpos e em condi\u00e7\u00f5es de armazenar \u00e1gua. Estamos desta maneira favorecendo o maior aproveitamento dos nossos recursos h\u00eddricos, mas garantindo ainda sustentabilidade ao produtor que precisa da \u00e1gua seja para cultivar suas planta\u00e7\u00f5es, como manter seu rebanho ao longo do pr\u00f3ximo ano\u201d, destacou o prefeito Jefferson Roberto.POR:&nbsp;&nbsp;<a href=\"http:\/\/deolhonocariri.com.br\/author\/klebson\">KLEBSON WANDERLEY<\/a>&nbsp;EM 25 DE OUTUBRO<\/p>\n","protected":false},"excerpt":{"rendered":"<p>A gest\u00e3o de S\u00e3o Jos\u00e9 dos Cordeiros n\u00e3o para de trabalhar e seja com recursos pr\u00f3prios, executando projetos do Governo do Estado e Federal, seja&hellip; <\/p>\n","protected":false},"author":1,"featured_media":130106,"comment_status":"closed","ping_status":"closed","sticky":false,"template":"","format":"standard","meta":{"sfsi_plus_gutenberg_text_before_share":"","sfsi_plus_gutenberg_show_text_before_share":"","sfsi_plus_gutenberg_icon_type":"","sfsi_plus_gutenberg_icon_alignemt":"","sfsi_plus_gutenburg_max_per_row":"","footnotes":""},"categories":[6,50],"tags":[],"class_list":["post-130104","post","type-post","status-publish","format-standard","has-post-thumbnail","hentry","category-cidades","category-destaque"],"_links":{"self":[{"href":"https:\/\/www.caririemacao.com\/1\/wp-json\/wp\/v2\/posts\/130104","targetHints":{"allow":["GET"]}}],"collection":[{"href":"https:\/\/www.caririemacao.com\/1\/wp-json\/wp\/v2\/posts"}],"about":[{"href":"https:\/\/www.caririemacao.com\/1\/wp-json\/wp\/v2\/types\/post"}],"author":[{"embeddable":true,"href":"https:\/\/www.caririemacao.com\/1\/wp-json\/wp\/v2\/users\/1"}],"replies":[{"embeddable":true,"href":"https:\/\/www.caririemacao.com\/1\/wp-json\/wp\/v2\/comments?post=130104"}],"version-history":[{"count":1,"href":"https:\/\/www.caririemacao.com\/1\/wp-json\/wp\/v2\/posts\/130104\/revisions"}],"predecessor-version":[{"id":130107,"href":"https:\/\/www.caririemacao.com\/1\/wp-json\/wp\/v2\/posts\/130104\/revisions\/130107"}],"wp:featuredmedia":[{"embeddable":true,"href":"https:\/\/www.caririemacao.com\/1\/wp-json\/wp\/v2\/media\/130106"}],"wp:attachment":[{"href":"https:\/\/www.caririemacao.com\/1\/wp-json\/wp\/v2\/media?parent=130104"}],"wp:term":[{"taxonomy":"category","embeddable":true,"href":"https:\/\/www.caririemacao.com\/1\/wp-json\/wp\/v2\/categories?post=130104"},{"taxonomy":"post_tag","embeddable":true,"href":"https:\/\/www.caririemacao.com\/1\/wp-json\/wp\/v2\/tags?post=130104"}],"curies":[{"name":"wp","href":"https:\/\/api.w.org\/{rel}","templated":true}]}}