{"id":130229,"date":"2019-10-26T08:53:03","date_gmt":"2019-10-26T11:53:03","guid":{"rendered":"http:\/\/www.caririemacao.com\/1\/?p=130229"},"modified":"2019-10-26T08:53:03","modified_gmt":"2019-10-26T11:53:03","slug":"saude-disponibiliza-vitamina-a-para-tratamento-de-sarampo","status":"publish","type":"post","link":"https:\/\/www.caririemacao.com\/1\/2019\/10\/26\/saude-disponibiliza-vitamina-a-para-tratamento-de-sarampo\/","title":{"rendered":"Sa\u00fade disponibiliza vitamina A para tratamento de sarampo"},"content":{"rendered":"\n<p>O Minist\u00e9rio da Sa\u00fade disponibilizou 2.650 c\u00e1psulas de vitamina A para uso em tratamento do sarampo em 16 estados. Do total de c\u00e1psulas enviadas, 650 foram para S\u00e3o Paulo, estado que concentra mais de 90% dos casos da doen\u00e7a.<br><br>A Secretaria de Sa\u00fade paulista informou que 200 c\u00e1psulas de vitamina A de 50.000 UI j\u00e1 foram distribu\u00eddas paras as unidades de sa\u00fade com maior n\u00famero de casos de sarampo.<\/p>\n\n\n\n<p>No in\u00edcio deste m\u00eas, a pasta disponibilizou para os estados que registram surto de sarampo as c\u00e1psulas da vitamina A, que devem ser usadas em crian\u00e7as menores de 6 meses de idade com suspeita de sarampo. \u201cEsse p\u00fablico \u00e9 mais suscet\u00edvel aos danos causados pela doen\u00e7a, como cegueira e at\u00e9 \u00f3bitos, e a vitamina A \u00e9 protagonista na preven\u00e7\u00e3o dessas complica\u00e7\u00f5es\u201d, informou o minist\u00e9rio em nota.<\/p>\n\n\n\n<p>Segundo a pasta, cada crian\u00e7a deve receber duas doses da vitamina A 50.000 UI por via oral, sendo que a primeira dose deve ser administrada imediatamente no momento da suspeita de sarampo na unidade de sa\u00fade.<\/p>\n\n\n\n<p>Al\u00e9m de S\u00e3o Paulo, os estados do Cear\u00e1, de Goi\u00e1s, de Pernambuco, do Rio Grande do Sul, de Santa Catarina, de Minas Gerais, da Bahia, de Sergipe, do Esp\u00edrito Santo, do Maranh\u00e3o, do Paran\u00e1, do Piau\u00ed, do Rio de Janeiro e do Rio Grande do Norte e o Distrito Federal receberam as c\u00e1psulas de vitamina A.<\/p>\n\n\n\n<p>Novos envios podem ser feitos pelo Minist\u00e9rio da Sa\u00fade a pedido dos gestores locais. \u201cNeste momento, n\u00e3o h\u00e1 nenhum pedido pendente, e o Minist\u00e9rio da Sa\u00fade tem estoque para atender novas solicita\u00e7\u00f5es dos estados, caso necessitem\u201d, acrescenta a nota.<\/p>\n","protected":false},"excerpt":{"rendered":"<p>O Minist\u00e9rio da Sa\u00fade disponibilizou 2.650 c\u00e1psulas de vitamina A para uso em tratamento do sarampo em 16 estados. Do total de c\u00e1psulas enviadas, 650&hellip; <\/p>\n","protected":false},"author":1,"featured_media":113771,"comment_status":"closed","ping_status":"closed","sticky":false,"template":"","format":"standard","meta":{"sfsi_plus_gutenberg_text_before_share":"","sfsi_plus_gutenberg_show_text_before_share":"","sfsi_plus_gutenberg_icon_type":"","sfsi_plus_gutenberg_icon_alignemt":"","sfsi_plus_gutenburg_max_per_row":"","footnotes":""},"categories":[16],"tags":[],"class_list":["post-130229","post","type-post","status-publish","format-standard","has-post-thumbnail","hentry","category-saude"],"_links":{"self":[{"href":"https:\/\/www.caririemacao.com\/1\/wp-json\/wp\/v2\/posts\/130229","targetHints":{"allow":["GET"]}}],"collection":[{"href":"https:\/\/www.caririemacao.com\/1\/wp-json\/wp\/v2\/posts"}],"about":[{"href":"https:\/\/www.caririemacao.com\/1\/wp-json\/wp\/v2\/types\/post"}],"author":[{"embeddable":true,"href":"https:\/\/www.caririemacao.com\/1\/wp-json\/wp\/v2\/users\/1"}],"replies":[{"embeddable":true,"href":"https:\/\/www.caririemacao.com\/1\/wp-json\/wp\/v2\/comments?post=130229"}],"version-history":[{"count":1,"href":"https:\/\/www.caririemacao.com\/1\/wp-json\/wp\/v2\/posts\/130229\/revisions"}],"predecessor-version":[{"id":130231,"href":"https:\/\/www.caririemacao.com\/1\/wp-json\/wp\/v2\/posts\/130229\/revisions\/130231"}],"wp:featuredmedia":[{"embeddable":true,"href":"https:\/\/www.caririemacao.com\/1\/wp-json\/wp\/v2\/media\/113771"}],"wp:attachment":[{"href":"https:\/\/www.caririemacao.com\/1\/wp-json\/wp\/v2\/media?parent=130229"}],"wp:term":[{"taxonomy":"category","embeddable":true,"href":"https:\/\/www.caririemacao.com\/1\/wp-json\/wp\/v2\/categories?post=130229"},{"taxonomy":"post_tag","embeddable":true,"href":"https:\/\/www.caririemacao.com\/1\/wp-json\/wp\/v2\/tags?post=130229"}],"curies":[{"name":"wp","href":"https:\/\/api.w.org\/{rel}","templated":true}]}}