{"id":130239,"date":"2019-10-26T08:57:39","date_gmt":"2019-10-26T11:57:39","guid":{"rendered":"http:\/\/www.caririemacao.com\/1\/?p=130239"},"modified":"2019-10-26T08:57:39","modified_gmt":"2019-10-26T11:57:39","slug":"posso-ser-um-presidente-sem-partido-diz-bolsonaro-em-meio-ao-racha-do-psl","status":"publish","type":"post","link":"https:\/\/www.caririemacao.com\/1\/2019\/10\/26\/posso-ser-um-presidente-sem-partido-diz-bolsonaro-em-meio-ao-racha-do-psl\/","title":{"rendered":"Posso ser um presidente sem partido&#8217;, diz Bolsonaro em meio ao racha do PSL"},"content":{"rendered":"\n<p>Ao deixar a China, o presidente Jair<br>Bolsonaro&nbsp;afirmou que pode se tornar &#8220;um presidente sem partido&#8221; se a crise no PSL n\u00e3o se resolver.<\/p>\n\n\n\n<p>&#8220;Eu posso ser um presidente sem partido. Tanto faz eu estar com partido<br>ou sem partido&#8221;, afirmou neste s\u00e1bado (26) pela manh\u00e3 \u2013sexta (25) \u00e0<br>noite no Brasil.<\/p>\n\n\n\n<p>A legisla\u00e7\u00e3o determina que pol\u00edticos (deputados, senadores, prefeitos, governadores) podem ficar sem partido depois de eleitos. No caso dos<br>deputados, se houver troca da&nbsp;legenda, eles podem perder o mandato.<\/p>\n\n\n\n<p>A declara\u00e7\u00e3o, que ainda \u00e9 uma hip\u00f3tese, vai ao encontro das expectativas<br>do eleitorado mais fiel a Bolsonaro, que \u00e9 cr\u00edtico da atua\u00e7\u00e3o dos<br>partidos em geral.<\/p>\n\n\n\n<p>O presidente admitiu que deseja ter uma expressiva quantidade de<br>candidatos a prefeito nas elei\u00e7\u00f5es de 2020, incluindo as principais<br>capitais. Mas disse que para isso precisa ter o controle do PSL.<\/p>\n\n\n\n<p>&#8220;Pretendo ter 30 a 40 candidatos [a prefeito] pelo Brasil, mas tenho que<br>ter decis\u00e3o sobre o partido. N\u00e3o posso entrar e, quando chegar na<br>conven\u00e7\u00e3o, eles me deixarem para tr\u00e1s porque t\u00eam maioria&#8221;, afirmou.<\/p>\n\n\n\n<p>&#8220;Eles [deputados] sabem que quem quer ser candidato a prefeito no ano<br>que vem \u00e9 melhor tirar uma foto comigo e n\u00e3o com outra pessoa&#8221;,<br>completou, referindo-se a Luciano Bivar, presidente do PSL.<\/p>\n\n\n\n<p>Bolsonaro tamb\u00e9m criticou a imprensa por causa de mat\u00e9ria publicada pela<br>revista Isto\u00c9, que diz que seu filho Eduardo teria pago as passagens de<br>lua-de-mel com dinheiro do fundo partid\u00e1rio.<\/p>\n\n\n\n<p>&#8220;\u00c9 uma irresponsabilidade da imprensa brasileira. Como vai pagar com fundo partid\u00e1rio se quem administra [o fundo] \u00e9 o Bivar?&#8221;, afirmou.<\/p>\n\n\n\n<p>Depois de uma visita oficial de dois dias, Bolsonaro deixou Pequim a<br>caminho de Abu Dhabi nos Emirados \u00c1rabes Unidos -terceira parada do seu tour.<\/p>\n\n\n\n<p>Antes de viajar, o presidente publicou no Twitter uma mat\u00e9ria do jornal<br>China Daily que diz que o dirigente Xi Jiping teria sinalizado ao Brasil<br>que a tentativa de agregar valor \u00e0s exporta\u00e7\u00f5es \u00e9 bem-vinda.<\/p>\n\n\n\n<p>Na China, a imprensa \u00e9 censurada pelo governo e publica apenas mat\u00e9rias positivas sobre as iniciativas do Partido Comunista.<\/p>\n","protected":false},"excerpt":{"rendered":"<p>Ao deixar a China, o presidente JairBolsonaro&nbsp;afirmou que pode se tornar &#8220;um presidente sem partido&#8221; se a crise no PSL n\u00e3o se resolver. &#8220;Eu posso&hellip; <\/p>\n","protected":false},"author":1,"featured_media":129640,"comment_status":"closed","ping_status":"closed","sticky":false,"template":"","format":"standard","meta":{"sfsi_plus_gutenberg_text_before_share":"","sfsi_plus_gutenberg_show_text_before_share":"","sfsi_plus_gutenberg_icon_type":"","sfsi_plus_gutenberg_icon_alignemt":"","sfsi_plus_gutenburg_max_per_row":"","footnotes":""},"categories":[11],"tags":[],"class_list":["post-130239","post","type-post","status-publish","format-standard","has-post-thumbnail","hentry","category-politica"],"_links":{"self":[{"href":"https:\/\/www.caririemacao.com\/1\/wp-json\/wp\/v2\/posts\/130239","targetHints":{"allow":["GET"]}}],"collection":[{"href":"https:\/\/www.caririemacao.com\/1\/wp-json\/wp\/v2\/posts"}],"about":[{"href":"https:\/\/www.caririemacao.com\/1\/wp-json\/wp\/v2\/types\/post"}],"author":[{"embeddable":true,"href":"https:\/\/www.caririemacao.com\/1\/wp-json\/wp\/v2\/users\/1"}],"replies":[{"embeddable":true,"href":"https:\/\/www.caririemacao.com\/1\/wp-json\/wp\/v2\/comments?post=130239"}],"version-history":[{"count":1,"href":"https:\/\/www.caririemacao.com\/1\/wp-json\/wp\/v2\/posts\/130239\/revisions"}],"predecessor-version":[{"id":130242,"href":"https:\/\/www.caririemacao.com\/1\/wp-json\/wp\/v2\/posts\/130239\/revisions\/130242"}],"wp:featuredmedia":[{"embeddable":true,"href":"https:\/\/www.caririemacao.com\/1\/wp-json\/wp\/v2\/media\/129640"}],"wp:attachment":[{"href":"https:\/\/www.caririemacao.com\/1\/wp-json\/wp\/v2\/media?parent=130239"}],"wp:term":[{"taxonomy":"category","embeddable":true,"href":"https:\/\/www.caririemacao.com\/1\/wp-json\/wp\/v2\/categories?post=130239"},{"taxonomy":"post_tag","embeddable":true,"href":"https:\/\/www.caririemacao.com\/1\/wp-json\/wp\/v2\/tags?post=130239"}],"curies":[{"name":"wp","href":"https:\/\/api.w.org\/{rel}","templated":true}]}}