{"id":130288,"date":"2019-10-26T10:45:20","date_gmt":"2019-10-26T13:45:20","guid":{"rendered":"http:\/\/www.caririemacao.com\/1\/?p=130288"},"modified":"2019-10-26T10:45:20","modified_gmt":"2019-10-26T13:45:20","slug":"paraiba-tera-semana-de-combate-aos-maus-tratos-dos-animais","status":"publish","type":"post","link":"https:\/\/www.caririemacao.com\/1\/2019\/10\/26\/paraiba-tera-semana-de-combate-aos-maus-tratos-dos-animais\/","title":{"rendered":"Para\u00edba ter\u00e1 Semana de Combate aos Maus Tratos dos Animais"},"content":{"rendered":"\n<p>A Para\u00edba ter\u00e1 uma Semana Estadual de Combate aos Maus Tratos dos Animais. A semana ser\u00e1 celebrada anualmente entre os dias 1 e 7 de abril, com o objetivo de propagar informa\u00e7\u00f5es sobre o combate \u00e0 crueldade animal, com palestras informativas e programas espec\u00edficos voltados ao tema.<\/p>\n\n\n\n<p>A lei, de autoria do deputado estadual Wilson Filho, foi sancionada pelo governador Jo\u00e3o Azev\u00eado, e publicada no Di\u00e1rio Oficial do Estado deste s\u00e1bado (26), j\u00e1 entrando em vigor na data da publica\u00e7\u00e3o.<\/p>\n\n\n\n<p>O tema dos maus-tratos a animais tamb\u00e9m foi tema de&nbsp;<a href=\"https:\/\/www.clickpb.com.br\/paraiba\/vereadores-aprovam-pl-que-estabelece-multa-e-proibicao-de-adotar-responsaveis-por-maus-tratos-animais-270500.html\">lei municipal<\/a>, aprovada na \u00faltima quarta-feira (23) pelos vereadores da C\u00e2mara de Jo\u00e3o Pessoa, que pro\u00edbe quem abandonar animais ou cometer maus-tratos contra eles, de obter novamente a guarda do animal maltratado ou de qualquer outro animal.<\/p>\n","protected":false},"excerpt":{"rendered":"<p>A Para\u00edba ter\u00e1 uma Semana Estadual de Combate aos Maus Tratos dos Animais. A semana ser\u00e1 celebrada anualmente entre os dias 1 e 7 de&hellip; <\/p>\n","protected":false},"author":1,"featured_media":130289,"comment_status":"closed","ping_status":"closed","sticky":false,"template":"","format":"standard","meta":{"sfsi_plus_gutenberg_text_before_share":"","sfsi_plus_gutenberg_show_text_before_share":"","sfsi_plus_gutenberg_icon_type":"","sfsi_plus_gutenberg_icon_alignemt":"","sfsi_plus_gutenburg_max_per_row":"","footnotes":""},"categories":[2],"tags":[],"class_list":["post-130288","post","type-post","status-publish","format-standard","has-post-thumbnail","hentry","category-geral"],"_links":{"self":[{"href":"https:\/\/www.caririemacao.com\/1\/wp-json\/wp\/v2\/posts\/130288","targetHints":{"allow":["GET"]}}],"collection":[{"href":"https:\/\/www.caririemacao.com\/1\/wp-json\/wp\/v2\/posts"}],"about":[{"href":"https:\/\/www.caririemacao.com\/1\/wp-json\/wp\/v2\/types\/post"}],"author":[{"embeddable":true,"href":"https:\/\/www.caririemacao.com\/1\/wp-json\/wp\/v2\/users\/1"}],"replies":[{"embeddable":true,"href":"https:\/\/www.caririemacao.com\/1\/wp-json\/wp\/v2\/comments?post=130288"}],"version-history":[{"count":1,"href":"https:\/\/www.caririemacao.com\/1\/wp-json\/wp\/v2\/posts\/130288\/revisions"}],"predecessor-version":[{"id":130290,"href":"https:\/\/www.caririemacao.com\/1\/wp-json\/wp\/v2\/posts\/130288\/revisions\/130290"}],"wp:featuredmedia":[{"embeddable":true,"href":"https:\/\/www.caririemacao.com\/1\/wp-json\/wp\/v2\/media\/130289"}],"wp:attachment":[{"href":"https:\/\/www.caririemacao.com\/1\/wp-json\/wp\/v2\/media?parent=130288"}],"wp:term":[{"taxonomy":"category","embeddable":true,"href":"https:\/\/www.caririemacao.com\/1\/wp-json\/wp\/v2\/categories?post=130288"},{"taxonomy":"post_tag","embeddable":true,"href":"https:\/\/www.caririemacao.com\/1\/wp-json\/wp\/v2\/tags?post=130288"}],"curies":[{"name":"wp","href":"https:\/\/api.w.org\/{rel}","templated":true}]}}