{"id":130299,"date":"2019-10-26T10:50:03","date_gmt":"2019-10-26T13:50:03","guid":{"rendered":"http:\/\/www.caririemacao.com\/1\/?p=130299"},"modified":"2019-10-26T10:50:03","modified_gmt":"2019-10-26T13:50:03","slug":"menina-de-11-anos-castigada-com-jejum-morre-por-desnutricao-mae-e-padrasto-sao-presos","status":"publish","type":"post","link":"https:\/\/www.caririemacao.com\/1\/2019\/10\/26\/menina-de-11-anos-castigada-com-jejum-morre-por-desnutricao-mae-e-padrasto-sao-presos\/","title":{"rendered":"Menina de 11 anos castigada com jejum morre por desnutri\u00e7\u00e3o; m\u00e3e e padrasto s\u00e3o presos"},"content":{"rendered":"\n<p>Uma menina de 11 anos morreu por desnutri\u00e7\u00e3o decorrente de um jejum na noite de quinta-feira (24) em Ubatuba (SP), segundo a Pol\u00edcia Civil. A m\u00e3e e o padrasto dela foram presos na tarde desta sexta-feira (25) suspeitos de envolvimento na morte da crian\u00e7a. De acordo com a pol\u00edcia, eles mantinham a v\u00edtima em c\u00e1rcere privado h\u00e1 cerca de cinco meses.<\/p>\n\n\n\n<p>A pol\u00edcia foi acionada pelo hospital ap\u00f3s os suspeitos levarem a garota ao pronto socorro, por volta das 21h de quinta. A pol\u00edcia trabalha com a informa\u00e7\u00e3o de que a menina chegou ao hospital j\u00e1 morta e que os m\u00e9dicos atestaram desnutri\u00e7\u00e3o e palidez.<\/p>\n\n\n\n<p>A m\u00e3e e o padrasto foram presos em flagrante. Em depoimento nesta sexta a mulher confessou, segundo a pol\u00edcia, que mantinha a menina em c\u00e1rcere privado. De acordo com o relato, ela ficava no ch\u00e3o sobre um tapete de EVA (um tipo de borracha) no apartamento da fam\u00edlia, no Centro da cidade.<\/p>\n\n\n\n<p>Ela disse que a v\u00edtima ficou trancada em casa durante cinco meses e que era obrigada a jejuar e orar como forma de corrigir e castigar por atos considerados errados, como mentiras. Durante esse per\u00edodo, ela teria sa\u00eddo apenas duas vezes na rua. O irm\u00e3o dela, de 8 anos, tamb\u00e9m era submetido a castigos espor\u00e1dicos.<\/p>\n\n\n\n<p>Segundo a pol\u00edcia, na \u00faltima ter\u00e7a-feira (22) a mulher e o marido teriam obrigado a menina a fazer um jejum de dois dias. S\u00f3 era permitido que ela bebesse \u00e1gua. Na quinta, a crian\u00e7a passou mal e morreu no hospital. Segundo a Pol\u00edcia Civil, o padrasto permaneceu em sil\u00eancio durante o interrogat\u00f3rio.<\/p>\n\n\n\n<p>A m\u00e3e, de 26 anos, e o padrasto, de 47, v\u00e3o responder por tortura com morte, c\u00e1rcere privado e abandono intelectual.<\/p>\n\n\n\n<p>O irm\u00e3o da v\u00edtima foi encaminhado para um abrigo da cidade e est\u00e1 sob os cuidados do Conselho Tutelar.<\/p>\n","protected":false},"excerpt":{"rendered":"<p>Uma menina de 11 anos morreu por desnutri\u00e7\u00e3o decorrente de um jejum na noite de quinta-feira (24) em Ubatuba (SP), segundo a Pol\u00edcia Civil. A&hellip; <\/p>\n","protected":false},"author":1,"featured_media":130301,"comment_status":"closed","ping_status":"closed","sticky":false,"template":"","format":"standard","meta":{"sfsi_plus_gutenberg_text_before_share":"","sfsi_plus_gutenberg_show_text_before_share":"","sfsi_plus_gutenberg_icon_type":"","sfsi_plus_gutenberg_icon_alignemt":"","sfsi_plus_gutenburg_max_per_row":"","footnotes":""},"categories":[12],"tags":[],"class_list":["post-130299","post","type-post","status-publish","format-standard","has-post-thumbnail","hentry","category-policia"],"_links":{"self":[{"href":"https:\/\/www.caririemacao.com\/1\/wp-json\/wp\/v2\/posts\/130299","targetHints":{"allow":["GET"]}}],"collection":[{"href":"https:\/\/www.caririemacao.com\/1\/wp-json\/wp\/v2\/posts"}],"about":[{"href":"https:\/\/www.caririemacao.com\/1\/wp-json\/wp\/v2\/types\/post"}],"author":[{"embeddable":true,"href":"https:\/\/www.caririemacao.com\/1\/wp-json\/wp\/v2\/users\/1"}],"replies":[{"embeddable":true,"href":"https:\/\/www.caririemacao.com\/1\/wp-json\/wp\/v2\/comments?post=130299"}],"version-history":[{"count":1,"href":"https:\/\/www.caririemacao.com\/1\/wp-json\/wp\/v2\/posts\/130299\/revisions"}],"predecessor-version":[{"id":130302,"href":"https:\/\/www.caririemacao.com\/1\/wp-json\/wp\/v2\/posts\/130299\/revisions\/130302"}],"wp:featuredmedia":[{"embeddable":true,"href":"https:\/\/www.caririemacao.com\/1\/wp-json\/wp\/v2\/media\/130301"}],"wp:attachment":[{"href":"https:\/\/www.caririemacao.com\/1\/wp-json\/wp\/v2\/media?parent=130299"}],"wp:term":[{"taxonomy":"category","embeddable":true,"href":"https:\/\/www.caririemacao.com\/1\/wp-json\/wp\/v2\/categories?post=130299"},{"taxonomy":"post_tag","embeddable":true,"href":"https:\/\/www.caririemacao.com\/1\/wp-json\/wp\/v2\/tags?post=130299"}],"curies":[{"name":"wp","href":"https:\/\/api.w.org\/{rel}","templated":true}]}}