{"id":130320,"date":"2019-10-26T13:22:48","date_gmt":"2019-10-26T16:22:48","guid":{"rendered":"http:\/\/www.caririemacao.com\/1\/?p=130320"},"modified":"2019-10-26T13:22:53","modified_gmt":"2019-10-26T16:22:53","slug":"prefeitura-de-monteiro-alerta-para-os-riscos-de-queimadas-na-zona-rural-do-municipio","status":"publish","type":"post","link":"https:\/\/www.caririemacao.com\/1\/2019\/10\/26\/prefeitura-de-monteiro-alerta-para-os-riscos-de-queimadas-na-zona-rural-do-municipio\/","title":{"rendered":"Prefeitura de Monteiro alerta para os riscos de queimadas na zona rural do munic\u00edpio"},"content":{"rendered":"\n<p>Propriedades rurais do munic\u00edpio de Monteiro, no Cariri paraibano, sofreram com queimadas nesta semana. Pelo menos tr\u00eas propriedades foram afetadas pelo grande inc\u00eandio nesta quinta e sexta-feira.\u00a0<br><\/p>\n\n\n\n<figure class=\"wp-block-image\"><a href=\"https:\/\/i1.wp.com\/www.vitrinedocariri.com.br\/wp-content\/uploads\/2019\/10\/Prefeitura-de-Monteiro-alerta-para-os-riscos-de-queimadas-na-zona-rural-do-munic%C3%ADpio-03.jpeg?resize=300%2C169&amp;ssl=1\"><img decoding=\"async\" data-src=\"https:\/\/i1.wp.com\/www.vitrinedocariri.com.br\/wp-content\/uploads\/2019\/10\/Prefeitura-de-Monteiro-alerta-para-os-riscos-de-queimadas-na-zona-rural-do-munic%C3%ADpio-03.jpeg?resize=300%2C169&amp;ssl=1\" alt=\"Prefeitura-de-Monteiro-alerta-para-os-riscos-de-queimadas-na-zona-rural-do-munic%C3%ADpio-03\" src=\"data:image\/svg+xml;base64,PHN2ZyB3aWR0aD0iMSIgaGVpZ2h0PSIxIiB4bWxucz0iaHR0cDovL3d3dy53My5vcmcvMjAwMC9zdmciPjwvc3ZnPg==\" class=\"lazyload\" \/><\/a><\/figure>\n\n\n\n<p>Nos dois momentos o Corpo de Bombeiros foi acionado pelas equipes da Prefeitura, al\u00e9m das in\u00fameras liga\u00e7\u00f5es da popula\u00e7\u00e3o da zona rural e urbana.&nbsp;<\/p>\n\n\n\n<p>De acordo com informa\u00e7\u00f5es, felizmente n\u00e3o houve v\u00edtimas e nenhum animal morreu.&nbsp;<br>Os propriet\u00e1rios foram orientados a monitorar a situa\u00e7\u00e3o, para que o fogo n\u00e3o recome\u00e7asse.<br>Os moradores das \u00e1reas pr\u00f3ximas as comunidades de Pocinhos, Jabitac\u00e1,Queimadas e Serra Branca sofreram com as consequ\u00eancias das queimadas, tanto pelo temor da chegada do fogo em locais bem pr\u00f3ximos \u00e0s resid\u00eancias, quanto na quest\u00e3o da sa\u00fade, j\u00e1 que alguns moradores relataram a inala\u00e7\u00e3o de uma grande quantidade de fuma\u00e7a.&nbsp;<br><\/p>\n\n\n\n<figure class=\"wp-block-image\"><a href=\"https:\/\/i0.wp.com\/www.vitrinedocariri.com.br\/wp-content\/uploads\/2019\/10\/Prefeitura-de-Monteiro-alerta-para-os-riscos-de-queimadas-na-zona-rural-do-munic%C3%ADpio-11.jpeg?resize=300%2C225&amp;ssl=1\"><img decoding=\"async\" data-src=\"https:\/\/i0.wp.com\/www.vitrinedocariri.com.br\/wp-content\/uploads\/2019\/10\/Prefeitura-de-Monteiro-alerta-para-os-riscos-de-queimadas-na-zona-rural-do-munic%C3%ADpio-11.jpeg?resize=300%2C225&amp;ssl=1\" alt=\"Prefeitura-de-Monteiro-alerta-para-os-riscos-de-queimadas-na-zona-rural-do-munic%C3%ADpio-11\" src=\"data:image\/svg+xml;base64,PHN2ZyB3aWR0aD0iMSIgaGVpZ2h0PSIxIiB4bWxucz0iaHR0cDovL3d3dy53My5vcmcvMjAwMC9zdmciPjwvc3ZnPg==\" class=\"lazyload\" \/><\/a><\/figure>\n\n\n\n<p>Segundo o Secret\u00e1rio de Agricultura do munic\u00edpio, Alfredo Viana, as equipes da Prefeitura, Bombeiros e volunt\u00e1rios trabalharam intensamente no combate as chamas que se propagaram rapidamente devido \u00e0 a\u00e7\u00e3o do vento.<br>\u201cO que temos observado \u00e9 que falta na popula\u00e7\u00e3o a conscientiza\u00e7\u00e3o de que com o fogo n\u00e3o se brinca. Mesmo que a pessoa coloque fogo no quintal, por exemplo, ela pode ocasionar um inc\u00eandio grave, embora sem inten\u00e7\u00e3o. Pois aquele fogo pode se espalhar e tomar grandes propor\u00e7\u00f5es. Al\u00e9m de afetar o meio ambiente e a pr\u00f3pria sa\u00fade da popula\u00e7\u00e3o do local\u201d, comentou o secret\u00e1rio.<br>Segundo ele, nas \u00e1reas rurais existe ainda o costume de atear fogo para fazer a limpeza das pastagens, o que tamb\u00e9m colabora com inc\u00eandios em grandes propor\u00e7\u00f5es.&nbsp;<br>\u201cN\u00f3s estamos orientando com as popula\u00e7\u00f5es das \u00e1reas rurais para que n\u00e3o fa\u00e7am queimadas, porque o fogo pode se alastrar e ocasionar grandes inc\u00eandios como estes que levaram desespero a dezenas de pessoas, ao inv\u00e9s disso, prefiram fazer a limpeza manual que \u00e9 mais segura a todos\u201d.<br>Para ajudar a popula\u00e7\u00e3o, a prefeita Anna Lorena n\u00e3o mediu esfor\u00e7os enviando equipes da Secretaria de Sa\u00fade e uma unidade do SAMU para as \u00e1reas atingidas, tendo em vista \u00e0s queixas de mal estar em virtude da fuma\u00e7a e da alta temperatura devido ao fogo.<br><strong>Saiba o que fazer para evitar queimadas<\/strong><br>Todos podem ajudar a evitar queimadas neste per\u00edodo de estiagem com algumas atitudes simples. Saiba quais s\u00e3o:<br>\u2022 N\u00e3o jogar \u201cbitucas\u201d de cigarros na estrada ou em locais que possam gerar fa\u00edscas;\u2022 N\u00e3o depositar lixo, especialmente vidro, em terrenos baldios ou na beira das BR\u2019s;\u2022 N\u00e3o queimar lixo.\u2022 Evitar fazer fogueiras pr\u00f3ximo a vegeta\u00e7\u00e3o seca.\n\n<\/p>\n","protected":false},"excerpt":{"rendered":"<p>Propriedades rurais do munic\u00edpio de Monteiro, no Cariri paraibano, sofreram com queimadas nesta semana. Pelo menos tr\u00eas propriedades foram afetadas pelo grande inc\u00eandio nesta quinta&hellip; <\/p>\n","protected":false},"author":1,"featured_media":130321,"comment_status":"closed","ping_status":"closed","sticky":false,"template":"","format":"standard","meta":{"sfsi_plus_gutenberg_text_before_share":"","sfsi_plus_gutenberg_show_text_before_share":"","sfsi_plus_gutenberg_icon_type":"","sfsi_plus_gutenberg_icon_alignemt":"","sfsi_plus_gutenburg_max_per_row":"","footnotes":""},"categories":[6],"tags":[],"class_list":["post-130320","post","type-post","status-publish","format-standard","has-post-thumbnail","hentry","category-cidades"],"_links":{"self":[{"href":"https:\/\/www.caririemacao.com\/1\/wp-json\/wp\/v2\/posts\/130320","targetHints":{"allow":["GET"]}}],"collection":[{"href":"https:\/\/www.caririemacao.com\/1\/wp-json\/wp\/v2\/posts"}],"about":[{"href":"https:\/\/www.caririemacao.com\/1\/wp-json\/wp\/v2\/types\/post"}],"author":[{"embeddable":true,"href":"https:\/\/www.caririemacao.com\/1\/wp-json\/wp\/v2\/users\/1"}],"replies":[{"embeddable":true,"href":"https:\/\/www.caririemacao.com\/1\/wp-json\/wp\/v2\/comments?post=130320"}],"version-history":[{"count":2,"href":"https:\/\/www.caririemacao.com\/1\/wp-json\/wp\/v2\/posts\/130320\/revisions"}],"predecessor-version":[{"id":130323,"href":"https:\/\/www.caririemacao.com\/1\/wp-json\/wp\/v2\/posts\/130320\/revisions\/130323"}],"wp:featuredmedia":[{"embeddable":true,"href":"https:\/\/www.caririemacao.com\/1\/wp-json\/wp\/v2\/media\/130321"}],"wp:attachment":[{"href":"https:\/\/www.caririemacao.com\/1\/wp-json\/wp\/v2\/media?parent=130320"}],"wp:term":[{"taxonomy":"category","embeddable":true,"href":"https:\/\/www.caririemacao.com\/1\/wp-json\/wp\/v2\/categories?post=130320"},{"taxonomy":"post_tag","embeddable":true,"href":"https:\/\/www.caririemacao.com\/1\/wp-json\/wp\/v2\/tags?post=130320"}],"curies":[{"name":"wp","href":"https:\/\/api.w.org\/{rel}","templated":true}]}}