{"id":130325,"date":"2019-10-26T13:25:38","date_gmt":"2019-10-26T16:25:38","guid":{"rendered":"http:\/\/www.caririemacao.com\/1\/?p=130325"},"modified":"2019-10-26T13:25:38","modified_gmt":"2019-10-26T16:25:38","slug":"feliz-aniversario-ao-prefeito-da-prata-junior-nobrega","status":"publish","type":"post","link":"https:\/\/www.caririemacao.com\/1\/2019\/10\/26\/feliz-aniversario-ao-prefeito-da-prata-junior-nobrega\/","title":{"rendered":"Feliz anivers\u00e1rio ao prefeito da Prata J\u00fanior N\u00f3brega"},"content":{"rendered":"\n<p>E os parab\u00e9ns de hoje v\u00e3o para o prefeito da cidade da Prata J\u00fanior N\u00f3brega.<br>Homem dedicado \u00e0s lutas em prol de seu munic\u00edpio, e um exemplo de esposo, pai e cidad\u00e3o.<br>Feliz anivers\u00e1rio ao Prefeito da Prata.<br><\/p>\n\n\n\n<p>Blog F\u00c1BIO BRITO <\/p>\n","protected":false},"excerpt":{"rendered":"<p>E os parab\u00e9ns de hoje v\u00e3o para o prefeito da cidade da Prata J\u00fanior N\u00f3brega.Homem dedicado \u00e0s lutas em prol de seu munic\u00edpio, e um&hellip; <\/p>\n","protected":false},"author":1,"featured_media":18676,"comment_status":"closed","ping_status":"closed","sticky":false,"template":"","format":"standard","meta":{"sfsi_plus_gutenberg_text_before_share":"","sfsi_plus_gutenberg_show_text_before_share":"","sfsi_plus_gutenberg_icon_type":"","sfsi_plus_gutenberg_icon_alignemt":"","sfsi_plus_gutenburg_max_per_row":"","footnotes":""},"categories":[6],"tags":[],"class_list":["post-130325","post","type-post","status-publish","format-standard","has-post-thumbnail","hentry","category-cidades"],"_links":{"self":[{"href":"https:\/\/www.caririemacao.com\/1\/wp-json\/wp\/v2\/posts\/130325","targetHints":{"allow":["GET"]}}],"collection":[{"href":"https:\/\/www.caririemacao.com\/1\/wp-json\/wp\/v2\/posts"}],"about":[{"href":"https:\/\/www.caririemacao.com\/1\/wp-json\/wp\/v2\/types\/post"}],"author":[{"embeddable":true,"href":"https:\/\/www.caririemacao.com\/1\/wp-json\/wp\/v2\/users\/1"}],"replies":[{"embeddable":true,"href":"https:\/\/www.caririemacao.com\/1\/wp-json\/wp\/v2\/comments?post=130325"}],"version-history":[{"count":1,"href":"https:\/\/www.caririemacao.com\/1\/wp-json\/wp\/v2\/posts\/130325\/revisions"}],"predecessor-version":[{"id":130326,"href":"https:\/\/www.caririemacao.com\/1\/wp-json\/wp\/v2\/posts\/130325\/revisions\/130326"}],"wp:featuredmedia":[{"embeddable":true,"href":"https:\/\/www.caririemacao.com\/1\/wp-json\/wp\/v2\/media\/18676"}],"wp:attachment":[{"href":"https:\/\/www.caririemacao.com\/1\/wp-json\/wp\/v2\/media?parent=130325"}],"wp:term":[{"taxonomy":"category","embeddable":true,"href":"https:\/\/www.caririemacao.com\/1\/wp-json\/wp\/v2\/categories?post=130325"},{"taxonomy":"post_tag","embeddable":true,"href":"https:\/\/www.caririemacao.com\/1\/wp-json\/wp\/v2\/tags?post=130325"}],"curies":[{"name":"wp","href":"https:\/\/api.w.org\/{rel}","templated":true}]}}