{"id":130328,"date":"2019-10-26T13:26:47","date_gmt":"2019-10-26T16:26:47","guid":{"rendered":"http:\/\/www.caririemacao.com\/1\/?p=130328"},"modified":"2019-10-26T13:26:47","modified_gmt":"2019-10-26T16:26:47","slug":"prefeita-anna-lorena-se-engaja-em-projeto-e-liga-pessoalmente-para-pais-de-alunos-que-estao-faltando-muito-as-aulas","status":"publish","type":"post","link":"https:\/\/www.caririemacao.com\/1\/2019\/10\/26\/prefeita-anna-lorena-se-engaja-em-projeto-e-liga-pessoalmente-para-pais-de-alunos-que-estao-faltando-muito-as-aulas\/","title":{"rendered":"Prefeita Anna Lorena se engaja em projeto e liga pessoalmente para pais de alunos que est\u00e3o faltando muito \u00e0s aulas"},"content":{"rendered":"\n<figure class=\"wp-block-image\"><img decoding=\"async\" data-src=\"https:\/\/scontent.fcpv1-1.fna.fbcdn.net\/v\/t1.0-9\/75424692_2695422110511299_6895165132930809856_n.jpg?_nc_cat=101&amp;_nc_oc=AQlD1gJl0nomfJXi-Cb30ibGX4hB3JJmOSUo_FW5_PF0Kcbo3_DGwIjSoktmJCH_FUY&amp;_nc_ht=scontent.fcpv1-1.fna&amp;oh=8353911bd3ffcf9bc795d2f8c36e1c37&amp;oe=5E24B8F3\" alt=\"75424692_2695422110511299_6895165132930809856_n.jpg?_nc_cat=101&amp;_nc_oc=AQlD1gJl0nomfJXi-Cb30ibGX4hB3JJmOSUo_FW5_PF0Kcbo3_DGwIjSoktmJCH_FUY&amp;_nc_ht=scontent.fcpv1-1\" src=\"data:image\/svg+xml;base64,PHN2ZyB3aWR0aD0iMSIgaGVpZ2h0PSIxIiB4bWxucz0iaHR0cDovL3d3dy53My5vcmcvMjAwMC9zdmciPjwvc3ZnPg==\" class=\"lazyload\" \/><\/figure>\n\n\n\n<p>A Prefeita Anna Lorena realizou esta semana uma visita \u00e0 Escola Municipal Professor Jos\u00e9 de Ara\u00fajo Valen\u00e7a no Alto de S\u00e3o Vicente e participou das atividades do Programa Educar pra Valer, desenvolvidas pelos professores da unidade de ensino.<br><\/p>\n\n\n\n<figure class=\"wp-block-image\"><a href=\"https:\/\/scontent.fcpv1-1.fna.fbcdn.net\/v\/t1.0-9\/73180100_2695422230511287_1952106934324690944_n.jpg?_nc_cat=106&amp;_nc_oc=AQmP07OSSMEppmflYePH5BxqUA8cTj9dMPOB6xnLdt0huxfQ61dMSmJmsK_G5J8vqTw&amp;_nc_ht=scontent.fcpv1-1.fna&amp;oh=a3745c67a3eafdebc69fefc5a55f7b32&amp;oe=5E275008\"><img decoding=\"async\" data-src=\"https:\/\/scontent.fcpv1-1.fna.fbcdn.net\/v\/t1.0-9\/73180100_2695422230511287_1952106934324690944_n.jpg?_nc_cat=106&amp;_nc_oc=AQmP07OSSMEppmflYePH5BxqUA8cTj9dMPOB6xnLdt0huxfQ61dMSmJmsK_G5J8vqTw&amp;_nc_ht=scontent.fcpv1-1.fna&amp;oh=a3745c67a3eafdebc69fefc5a55f7b32&amp;oe=5E275008\" alt=\"73180100_2695422230511287_1952106934324690944_n.jpg?_nc_cat=106&amp;_nc_oc=AQmP07OSSMEppmflYePH5BxqUA8cTj9dMPOB6xnLdt0huxfQ61dMSmJmsK_G5J8vqTw&amp;_nc_ht=scontent.fcpv1-1\" src=\"data:image\/svg+xml;base64,PHN2ZyB3aWR0aD0iMSIgaGVpZ2h0PSIxIiB4bWxucz0iaHR0cDovL3d3dy53My5vcmcvMjAwMC9zdmciPjwvc3ZnPg==\" class=\"lazyload\" \/><\/a><\/figure>\n\n\n\n<p>Envolvida com o processo de ensino e aprendizagem, a prefeita tamb\u00e9m se engajou na nossa luta contra a falta de frequ\u00eancia escolar dentro do projeto \u201cNENHUM ALUNO FORA DA ESCOLA\u201d, e pessoalmente telefonou para os pais das crian\u00e7as que frequentemente faltam \u00e0s aulas, conscientizando-os sobre a import\u00e2ncia do aluno estar presente na escola todos os dias.&nbsp;<br>A prefeita falou tamb\u00e9m da meta de alfabetizar 100% do alunado da Rede P\u00fablica Municipal na idade certa e que isso s\u00f3 ser\u00e1 poss\u00edvel com essa importante parceria entre fam\u00edlia e escola.<br>Foi uma manh\u00e3 muito produtiva e que render\u00e1 bons frutos para a unidade de ensino.\n\n<\/p>\n","protected":false},"excerpt":{"rendered":"<p>A Prefeita Anna Lorena realizou esta semana uma visita \u00e0 Escola Municipal Professor Jos\u00e9 de Ara\u00fajo Valen\u00e7a no Alto de S\u00e3o Vicente e participou das&hellip; <\/p>\n","protected":false},"author":1,"featured_media":130329,"comment_status":"closed","ping_status":"closed","sticky":false,"template":"","format":"standard","meta":{"sfsi_plus_gutenberg_text_before_share":"","sfsi_plus_gutenberg_show_text_before_share":"","sfsi_plus_gutenberg_icon_type":"","sfsi_plus_gutenberg_icon_alignemt":"","sfsi_plus_gutenburg_max_per_row":"","footnotes":""},"categories":[2],"tags":[],"class_list":["post-130328","post","type-post","status-publish","format-standard","has-post-thumbnail","hentry","category-geral"],"_links":{"self":[{"href":"https:\/\/www.caririemacao.com\/1\/wp-json\/wp\/v2\/posts\/130328","targetHints":{"allow":["GET"]}}],"collection":[{"href":"https:\/\/www.caririemacao.com\/1\/wp-json\/wp\/v2\/posts"}],"about":[{"href":"https:\/\/www.caririemacao.com\/1\/wp-json\/wp\/v2\/types\/post"}],"author":[{"embeddable":true,"href":"https:\/\/www.caririemacao.com\/1\/wp-json\/wp\/v2\/users\/1"}],"replies":[{"embeddable":true,"href":"https:\/\/www.caririemacao.com\/1\/wp-json\/wp\/v2\/comments?post=130328"}],"version-history":[{"count":1,"href":"https:\/\/www.caririemacao.com\/1\/wp-json\/wp\/v2\/posts\/130328\/revisions"}],"predecessor-version":[{"id":130330,"href":"https:\/\/www.caririemacao.com\/1\/wp-json\/wp\/v2\/posts\/130328\/revisions\/130330"}],"wp:featuredmedia":[{"embeddable":true,"href":"https:\/\/www.caririemacao.com\/1\/wp-json\/wp\/v2\/media\/130329"}],"wp:attachment":[{"href":"https:\/\/www.caririemacao.com\/1\/wp-json\/wp\/v2\/media?parent=130328"}],"wp:term":[{"taxonomy":"category","embeddable":true,"href":"https:\/\/www.caririemacao.com\/1\/wp-json\/wp\/v2\/categories?post=130328"},{"taxonomy":"post_tag","embeddable":true,"href":"https:\/\/www.caririemacao.com\/1\/wp-json\/wp\/v2\/tags?post=130328"}],"curies":[{"name":"wp","href":"https:\/\/api.w.org\/{rel}","templated":true}]}}