{"id":130331,"date":"2019-10-26T13:28:02","date_gmt":"2019-10-26T16:28:02","guid":{"rendered":"http:\/\/www.caririemacao.com\/1\/?p=130331"},"modified":"2019-10-26T13:28:02","modified_gmt":"2019-10-26T16:28:02","slug":"secretaria-de-desenvolvimento-social-realiza-cadastro-para-troca-de-geladeiras-em-monteiro","status":"publish","type":"post","link":"https:\/\/www.caririemacao.com\/1\/2019\/10\/26\/secretaria-de-desenvolvimento-social-realiza-cadastro-para-troca-de-geladeiras-em-monteiro\/","title":{"rendered":"Secretaria de Desenvolvimento Social realiza cadastro para troca de geladeiras em Monteiro"},"content":{"rendered":"\n<p>Cem fam\u00edlias monteirenses receber\u00e3o o caminh\u00e3o do projeto \u2018Nossa Energia\u2019, parte do Programa de Efici\u00eancia Energ\u00e9tica regulado pela Aneel, que trocar\u00e1 geladeiras antigas por modelos mais novos e mais eficientes.<br>O projeto, que tem parceria com a Secretaria de Desenvolvimento Social do munic\u00edpio de Monteiro , far\u00e1 um levantamento para selecionar 100 fam\u00edlias aptas a receber os novos eletrodom\u00e9sticos. O cadastro acontece nos dias 5, 6 e 7 de novembro, as visitas ser\u00e3o realizadas no dia 13 e a entrega ser\u00e1 no dia 14 de novembro.<br>A parceria entre a Energisa e a Prefeitura de Monteiro tem o objetivo de combater o desperd\u00edcio de energia el\u00e9trica nas resid\u00eancias dos consumidores inscritos na Tarifa Social de Energia El\u00e9trica, contribuindo para ampliar a consci\u00eancia na mudan\u00e7a de h\u00e1bitos e comportamento no uso eficiente e seguro da energia el\u00e9trica.<br><strong>QUEM PODE PARTICIPAR<br><\/strong>Todos os consumidores de Baixa Renda (cadastrados na tarifa social)<br><strong>COMO PARTICIPAR<br><\/strong>Para participar, os interessados devem se dirigir \u00e0 Secretaria de Desenvolvimento Social das 08 \u00e0s 13 horas e realizar o cadastro. Para isso, basta estar em dias com a conta de energia, ser cadastrado na tarifa social e levar os seguintes documentos: RG, CPF e Cart\u00e3o do Benef\u00edcio. <\/p>\n","protected":false},"excerpt":{"rendered":"<p>Cem fam\u00edlias monteirenses receber\u00e3o o caminh\u00e3o do projeto \u2018Nossa Energia\u2019, parte do Programa de Efici\u00eancia Energ\u00e9tica regulado pela Aneel, que trocar\u00e1 geladeiras antigas por modelos&hellip; <\/p>\n","protected":false},"author":1,"featured_media":130332,"comment_status":"closed","ping_status":"closed","sticky":false,"template":"","format":"standard","meta":{"sfsi_plus_gutenberg_text_before_share":"","sfsi_plus_gutenberg_show_text_before_share":"","sfsi_plus_gutenberg_icon_type":"","sfsi_plus_gutenberg_icon_alignemt":"","sfsi_plus_gutenburg_max_per_row":"","footnotes":""},"categories":[2],"tags":[],"class_list":["post-130331","post","type-post","status-publish","format-standard","has-post-thumbnail","hentry","category-geral"],"_links":{"self":[{"href":"https:\/\/www.caririemacao.com\/1\/wp-json\/wp\/v2\/posts\/130331","targetHints":{"allow":["GET"]}}],"collection":[{"href":"https:\/\/www.caririemacao.com\/1\/wp-json\/wp\/v2\/posts"}],"about":[{"href":"https:\/\/www.caririemacao.com\/1\/wp-json\/wp\/v2\/types\/post"}],"author":[{"embeddable":true,"href":"https:\/\/www.caririemacao.com\/1\/wp-json\/wp\/v2\/users\/1"}],"replies":[{"embeddable":true,"href":"https:\/\/www.caririemacao.com\/1\/wp-json\/wp\/v2\/comments?post=130331"}],"version-history":[{"count":1,"href":"https:\/\/www.caririemacao.com\/1\/wp-json\/wp\/v2\/posts\/130331\/revisions"}],"predecessor-version":[{"id":130333,"href":"https:\/\/www.caririemacao.com\/1\/wp-json\/wp\/v2\/posts\/130331\/revisions\/130333"}],"wp:featuredmedia":[{"embeddable":true,"href":"https:\/\/www.caririemacao.com\/1\/wp-json\/wp\/v2\/media\/130332"}],"wp:attachment":[{"href":"https:\/\/www.caririemacao.com\/1\/wp-json\/wp\/v2\/media?parent=130331"}],"wp:term":[{"taxonomy":"category","embeddable":true,"href":"https:\/\/www.caririemacao.com\/1\/wp-json\/wp\/v2\/categories?post=130331"},{"taxonomy":"post_tag","embeddable":true,"href":"https:\/\/www.caririemacao.com\/1\/wp-json\/wp\/v2\/tags?post=130331"}],"curies":[{"name":"wp","href":"https:\/\/api.w.org\/{rel}","templated":true}]}}